{"id":882502,"date":"2017-04-05T15:48:43","date_gmt":"2017-04-05T13:48:43","guid":{"rendered":"http:\/\/www.planete-sciences.org\/midi-pyrenees\/web\/?p=882502"},"modified":"2024-01-16T21:01:43","modified_gmt":"2024-01-16T20:01:43","slug":"du-02-au-04-juin-2017-ciel-en-fete","status":"publish","type":"post","link":"https:\/\/www.planete-sciences.org\/occitanie\/web\/du-02-au-04-juin-2017-ciel-en-fete\/","title":{"rendered":"Du 02 au 04 juin 2017 : Ciel en f\u00eate !"},"content":{"rendered":"<p><img fetchpriority=\"high\" decoding=\"async\" class=\"wp-image-882501 aligncenter\" src=\"https:\/\/www.planete-sciences.org\/occitanie\/web\/wp-content\/uploads\/2017\/04\/Bandeau-ciel-en-f\u00eate-300x160.png\" alt=\"\" width=\"781\" height=\"417\" srcset=\"https:\/\/www.planete-sciences.org\/occitanie\/web\/wp-content\/uploads\/2017\/04\/Bandeau-ciel-en-f\u00eate-300x160.png 300w, https:\/\/www.planete-sciences.org\/occitanie\/web\/wp-content\/uploads\/2017\/04\/Bandeau-ciel-en-f\u00eate-768x409.png 768w, https:\/\/www.planete-sciences.org\/occitanie\/web\/wp-content\/uploads\/2017\/04\/Bandeau-ciel-en-f\u00eate-1024x546.png 1024w, https:\/\/www.planete-sciences.org\/occitanie\/web\/wp-content\/uploads\/2017\/04\/Bandeau-ciel-en-f\u00eate-600x320.png 600w, https:\/\/www.planete-sciences.org\/occitanie\/web\/wp-content\/uploads\/2017\/04\/Bandeau-ciel-en-f\u00eate.png 1374w\" sizes=\"(max-width: 781px) 100vw, 781px\" \/><\/p>\n<div id=\"pu3057-82\" class=\"clearfix grpelem\">\n<div id=\"u3057-82\" class=\"clearfix grpelem\" data-muse-uid=\"U3057\" data-muse-type=\"txt_frame\" data-ibe-flags=\"txtStyleSrc\">\n<p id=\"u3057-52\" class=\"shared_content\" data-content-guid=\"u3057-52_content\">En 2009, \u00e0 l&rsquo;occasion de l&rsquo;Ann\u00e9e Mondiale de l&rsquo;Astronomie, un collectif compos\u00e9 de clubs, associations et entreprises s\u2019est r\u00e9uni pour proposer l&rsquo;organisation du festival \u00ab\u00a0Ciel en f\u00eate ! Rendez-vous Astronomie et Espace en Midi-Pyr\u00e9n\u00e9es\u00a0\u00bb sur le site de la Cit\u00e9 de l&rsquo;Espace mais aussi sur Toulouse et d\u2019autres lieux de l\u2019agglom\u00e9ration toulousaine.<\/p>\n<p id=\"u3057-55\" class=\"shared_content\" data-content-guid=\"u3057-55_content\">Ce projet collaboratif est n\u00e9 du d\u00e9sir de plusieurs associations et acteurs du domaine de l\u2019astronomie et de l\u2019espace dans la r\u00e9gion Occitanie de partager leurs connaissances et leur passion.<\/p>\n<p id=\"u3057-57\" class=\"shared_content\" data-content-guid=\"u3057-57_content\">Les objectifs, annonc\u00e9s d\u00e8s le lancement, sont\u00a0:<\/p>\n<ul id=\"u3057-66\" class=\"list0 nls-None shared_content\" data-content-guid=\"u3057-66_content\">\n<li id=\"u3057-59\">Rassembler les acteurs de l\u2019astronomie amateur<\/li>\n<li id=\"u3057-61\">Diffuser la culture astronomique aupr\u00e8s d\u2019un large public interg\u00e9n\u00e9rationnel et familial<\/li>\n<li id=\"u3057-63\">Initier et sensibiliser le jeune public \u00e0 l\u2019observation du ciel<\/li>\n<li id=\"u3057-65\">Promouvoir notre r\u00e9gion et ses savoir-faire dans le domaine de l\u2019astronomie<\/li>\n<\/ul>\n<p id=\"u3057-69\" class=\"shared_content\" data-content-guid=\"u3057-69_content\">Suite au succ\u00e8s de sa premi\u00e8re \u00e9dition en 2009, Ciel en F\u00eate est devenu un festival biennal, reconduit les ann\u00e9es impaires.<\/p>\n<p id=\"u3057-75\"><span id=\"u3057-73\" class=\"shared_content\" data-content-guid=\"u3057-73_content\">\u200b<\/span><span id=\"u84466\" class=\"actAsInlineDiv normal_text\"><span id=\"slideshowu84278\" class=\"SlideShowWidget actAsDiv clearfix excludeFromNormalFlow wp-slideshow-playing\"><span id=\"u84297popup\" class=\"actAsDiv popup_anchor\"><span id=\"u84297\" class=\"SlideShowContentPanel actAsDiv clearfix\"><span id=\"u84302\" class=\"SSSlide actAsDiv clip_frame clearfix grpelem wp-panel wp-panel-active\" data-muse-uid=\"U84302\" data-muse-type=\"img_frame\"><img decoding=\"async\" id=\"u84302_img\" class=\"position_content aligncenter\" src=\"http:\/\/cielenfete.fr\/images\/_dsc3200%20copie.jpg?crc=195840077\" alt=\"\" width=\"621\" height=\"414\" data-src=\"images\/_dsc3200%20copie.jpg?crc=195840077\" data-width=\"621\" data-height=\"414\" data-muse-src=\"images\/_dsc3200%20copie.jpg?crc=195840077\" \/><\/span><\/span><\/span><\/span><\/span><\/p>\n<\/div>\n<div id=\"u72872-112\" class=\"clearfix grpelem\" data-muse-uid=\"U72872\" data-muse-type=\"txt_frame\" data-ibe-flags=\"txtStyleSrc\">\n<p id=\"u72872-34\">\u00a0Ce festival est organis\u00e9 \u00e0 la Cite de l&rsquo;Espace avec\u00a0 l&rsquo;association <span class=\"shared_content\" data-content-guid=\"u72872-34_1_content\">RAMIP\u00a0 (Regroupement d\u2019Astronomes amateurs en Midi-Pyr\u00e9n\u00e9es) qui est compos\u00e9e des principaux acteurs, entreprises, clubs et associations de diffusion de la culture astronomique de la r\u00e9gion Occitanie\u00a0:<\/span><\/p>\n<ul id=\"u72872-67\" class=\"list0 nls-None shared_content\" data-content-guid=\"u72872-67_content\">\n<li id=\"u72872-36\">La Cit\u00e9 de l\u2019espace<\/li>\n<li id=\"u72872-42\">Plan\u00e8te Science Occitanie<\/li>\n<li id=\"u72872-38\">Cosmodiff<\/li>\n<li id=\"u72872-40\">A Ciel Ouvert<\/li>\n<li id=\"u72872-44\">L\u2019Observatoire des Pl\u00e9\u00efades<\/li>\n<li id=\"u72872-46\">L\u2019Observatoire de Sabarat<\/li>\n<li id=\"u72872-48\">Astr\u2019Olt (Rock\u2019Astres)<\/li>\n<li id=\"u72872-50\">Plan\u00e8te Tarn (PEGAASE)<\/li>\n<li id=\"u72872-52\">Axilone<\/li>\n<li id=\"u72872-54\">Urania 31<\/li>\n<li id=\"u72872-56\">Neptunion 31<\/li>\n<li id=\"u72872-58\">RAAGSO<\/li>\n<li id=\"u72872-60\">Albir\u00e9o<\/li>\n<li id=\"u72872-62\">Antares 31<\/li>\n<li id=\"u72872-64\">AIP (Astro Images Processing)<\/li>\n<li id=\"u72872-66\">Soci\u00e9t\u00e9 d\u2019Astronomie Populaire (SAP)<\/li>\n<\/ul>\n<\/div>\n<\/div>\n<p>Pour l&rsquo;\u00e9dition 2017, qui aura lieu du vendredi 02 au dimanche 04 juin un programme riche est r\u00e9serv\u00e9 aux visiteurs : des ateliers, des conf\u00e9rences, des expositions, des concerts et bien \u00e9videmment des soir\u00e9es astros !<\/p>\n<p>Pour plus d&rsquo;informations sur le programme : http:\/\/cielenfete.fr\/programme-ciel-en-fete.html<\/p>\n<div class=\"verticalspacer shared_content\" data-offset-top=\"4245\" data-content-above-spacer=\"4245\" data-content-below-spacer=\"224\" data-content-guid=\"page_7_content\"><\/div>\n<p><img decoding=\"async\" id=\"u147299_img\" class=\"block aligncenter\" src=\"http:\/\/cielenfete.fr\/images\/_dsc3229%20copie-crop-u147299.jpg?crc=152643206\" alt=\"\" width=\"319\" height=\"239\" data-src=\"images\/_dsc3229%20copie-crop-u147299.jpg?crc=152643206\" data-width=\"552\" data-height=\"414\" data-muse-src=\"images\/_dsc3229%20copie-crop-u147299.jpg?crc=152643206\" \/><\/p>\n<p><img loading=\"lazy\" decoding=\"async\" id=\"u147293_img\" class=\"position_content aligncenter\" src=\"http:\/\/cielenfete.fr\/images\/_dsc3201%20copie.jpg?crc=85028741\" alt=\"\" width=\"320\" height=\"213\" data-src=\"images\/_dsc3201%20copie.jpg?crc=85028741\" data-width=\"621\" data-height=\"414\" data-muse-src=\"images\/_dsc3201%20copie.jpg?crc=85028741\" \/><\/p>\n<p><img loading=\"lazy\" decoding=\"async\" id=\"u147313_img\" class=\"position_content aligncenter\" src=\"http:\/\/cielenfete.fr\/images\/cef2015_30%e2%88%8fvincenthamel.jpg?crc=3802727151\" alt=\"\" width=\"326\" height=\"217\" data-src=\"images\/cef2015_30%e2%88%8fvincenthamel.jpg?crc=3802727151\" data-width=\"623\" data-height=\"414\" data-muse-src=\"images\/cef2015_30%e2%88%8fvincenthamel.jpg?crc=3802727151\" \/><\/p>\n<p><img loading=\"lazy\" decoding=\"async\" id=\"u152382_img\" class=\"position_content aligncenter\" src=\"http:\/\/cielenfete.fr\/images\/_dsc3177.jpg?crc=423094256\" alt=\"\" width=\"339\" height=\"227\" data-src=\"images\/_dsc3177.jpg?crc=423094256\" data-width=\"620\" data-height=\"414\" data-muse-src=\"images\/_dsc3177.jpg?crc=423094256\" \/><\/p>\n<p>&nbsp;<\/p>\n<p>&nbsp; <\/p>\n","protected":false},"excerpt":{"rendered":"<p>En 2009, \u00e0 l&rsquo;occasion de l&rsquo;Ann\u00e9e Mondiale de l&rsquo;Astronomie, un collectif compos\u00e9 de clubs, associations et entreprises s\u2019est r\u00e9uni pour proposer l&rsquo;organisation du festival \u00ab\u00a0Ciel en f\u00eate ! Rendez-vous Astronomie et Espace en Midi-Pyr\u00e9n\u00e9es\u00a0\u00bb sur le site de la Cit\u00e9 de l&rsquo;Espace mais aussi sur Toulouse et d\u2019autres lieux de l\u2019agglom\u00e9ration toulousaine. Ce projet collaboratif [&hellip;]<\/p>\n","protected":false},"author":13,"featured_media":0,"comment_status":"closed","ping_status":"open","sticky":false,"template":"","format":"gallery","meta":{"ocean_post_layout":"","ocean_both_sidebars_style":"","ocean_both_sidebars_content_width":0,"ocean_both_sidebars_sidebars_width":0,"ocean_sidebar":"","ocean_second_sidebar":"","ocean_disable_margins":"enable","ocean_add_body_class":"","ocean_shortcode_before_top_bar":"","ocean_shortcode_after_top_bar":"","ocean_shortcode_before_header":"","ocean_shortcode_after_header":"","ocean_has_shortcode":"","ocean_shortcode_after_title":"","ocean_shortcode_before_footer_widgets":"","ocean_shortcode_after_footer_widgets":"","ocean_shortcode_before_footer_bottom":"","ocean_shortcode_after_footer_bottom":"","ocean_display_top_bar":"default","ocean_display_header":"default","ocean_header_style":"","ocean_center_header_left_menu":"","ocean_custom_header_template":"","ocean_custom_logo":0,"ocean_custom_retina_logo":0,"ocean_custom_logo_max_width":0,"ocean_custom_logo_tablet_max_width":0,"ocean_custom_logo_mobile_max_width":0,"ocean_custom_logo_max_height":0,"ocean_custom_logo_tablet_max_height":0,"ocean_custom_logo_mobile_max_height":0,"ocean_header_custom_menu":"","ocean_menu_typo_font_family":"","ocean_menu_typo_font_subset":"","ocean_menu_typo_font_size":0,"ocean_menu_typo_font_size_tablet":0,"ocean_menu_typo_font_size_mobile":0,"ocean_menu_typo_font_size_unit":"px","ocean_menu_typo_font_weight":"","ocean_menu_typo_font_weight_tablet":"","ocean_menu_typo_font_weight_mobile":"","ocean_menu_typo_transform":"","ocean_menu_typo_transform_tablet":"","ocean_menu_typo_transform_mobile":"","ocean_menu_typo_line_height":0,"ocean_menu_typo_line_height_tablet":0,"ocean_menu_typo_line_height_mobile":0,"ocean_menu_typo_line_height_unit":"","ocean_menu_typo_spacing":0,"ocean_menu_typo_spacing_tablet":0,"ocean_menu_typo_spacing_mobile":0,"ocean_menu_typo_spacing_unit":"","ocean_menu_link_color":"","ocean_menu_link_color_hover":"","ocean_menu_link_color_active":"","ocean_menu_link_background":"","ocean_menu_link_hover_background":"","ocean_menu_link_active_background":"","ocean_menu_social_links_bg":"","ocean_menu_social_hover_links_bg":"","ocean_menu_social_links_color":"","ocean_menu_social_hover_links_color":"","ocean_disable_title":"default","ocean_disable_heading":"default","ocean_post_title":"","ocean_post_subheading":"","ocean_post_title_style":"","ocean_post_title_background_color":"","ocean_post_title_background":0,"ocean_post_title_bg_image_position":"","ocean_post_title_bg_image_attachment":"","ocean_post_title_bg_image_repeat":"","ocean_post_title_bg_image_size":"","ocean_post_title_height":0,"ocean_post_title_bg_overlay":0.5,"ocean_post_title_bg_overlay_color":"","ocean_disable_breadcrumbs":"default","ocean_breadcrumbs_color":"","ocean_breadcrumbs_separator_color":"","ocean_breadcrumbs_links_color":"","ocean_breadcrumbs_links_hover_color":"","ocean_display_footer_widgets":"default","ocean_display_footer_bottom":"default","ocean_custom_footer_template":"","_vp_format_video_url":"","_vp_image_focal_point":[],"ocean_post_oembed":"","ocean_post_self_hosted_media":"","ocean_post_video_embed":"","ocean_link_format":"","ocean_link_format_target":"self","ocean_quote_format":"","ocean_quote_format_link":"post","ocean_gallery_link_images":"on","ocean_gallery_id":[],"footnotes":""},"categories":[11],"tags":[],"class_list":["post-882502","post","type-post","status-publish","format-gallery","hentry","category-planete-sciences","post_format-post-format-gallery","entry"],"_links":{"self":[{"href":"https:\/\/www.planete-sciences.org\/occitanie\/web\/wp-json\/wp\/v2\/posts\/882502","targetHints":{"allow":["GET"]}}],"collection":[{"href":"https:\/\/www.planete-sciences.org\/occitanie\/web\/wp-json\/wp\/v2\/posts"}],"about":[{"href":"https:\/\/www.planete-sciences.org\/occitanie\/web\/wp-json\/wp\/v2\/types\/post"}],"author":[{"embeddable":true,"href":"https:\/\/www.planete-sciences.org\/occitanie\/web\/wp-json\/wp\/v2\/users\/13"}],"replies":[{"embeddable":true,"href":"https:\/\/www.planete-sciences.org\/occitanie\/web\/wp-json\/wp\/v2\/comments?post=882502"}],"version-history":[{"count":1,"href":"https:\/\/www.planete-sciences.org\/occitanie\/web\/wp-json\/wp\/v2\/posts\/882502\/revisions"}],"predecessor-version":[{"id":2256168,"href":"https:\/\/www.planete-sciences.org\/occitanie\/web\/wp-json\/wp\/v2\/posts\/882502\/revisions\/2256168"}],"wp:attachment":[{"href":"https:\/\/www.planete-sciences.org\/occitanie\/web\/wp-json\/wp\/v2\/media?parent=882502"}],"wp:term":[{"taxonomy":"category","embeddable":true,"href":"https:\/\/www.planete-sciences.org\/occitanie\/web\/wp-json\/wp\/v2\/categories?post=882502"},{"taxonomy":"post_tag","embeddable":true,"href":"https:\/\/www.planete-sciences.org\/occitanie\/web\/wp-json\/wp\/v2\/tags?post=882502"}],"curies":[{"name":"wp","href":"https:\/\/api.w.org\/{rel}","templated":true}]}}