{"id":871133,"date":"2017-01-16T17:44:57","date_gmt":"2017-01-16T16:44:57","guid":{"rendered":"http:\/\/www.planete-sciences.org\/midi-pyrenees\/web\/?p=871133"},"modified":"2024-01-16T21:02:29","modified_gmt":"2024-01-16T20:02:29","slug":"programmation-du-1er-semestre-2017-a-vos-agendas","status":"publish","type":"post","link":"https:\/\/www.planete-sciences.org\/occitanie\/web\/programmation-du-1er-semestre-2017-a-vos-agendas\/","title":{"rendered":"Programmation du 1er semestre 2017 : A vos agendas !"},"content":{"rendered":"<p>Pour cette nouvelle ann\u00e9e 2017, Plan\u00e8te Sciences Occitanie propose \u00e0 ses adh\u00e9rents un programme riche en activit\u00e9s scientifiques et techniques.<\/p>\n<p>&nbsp;<\/p>\n<ul>\n<li><span style=\"color: #333399;\"><strong><span style=\"color: #993366;\">Nos manifestations 2017\u00a0:<\/span> <\/strong><\/span><\/li>\n<\/ul>\n<p>Comme chaque ann\u00e9e, l\u2019association Plan\u00e8te Sciences Occitanie, propose aux \u00e9l\u00e8ves ayant men\u00e9s un projet scientifique d\u2019exposer leurs r\u00e9alisations lors d\u2019un \u00e9v\u00e8nement de valorisation.<\/p>\n<p>L\u2019ann\u00e9e commencera avec les <span style=\"color: #333399;\"><strong><a href=\"http:\/\/www.planete-sciences.org\/blogs\/trophees-robotique\/\">Troph\u00e9es de robotique<\/a> le samedi 18 mars 2017 \u00e0 la Cit\u00e9 de l\u2019espace.<img decoding=\"async\" class=\" wp-image-578662 alignright\" src=\"https:\/\/www.planete-sciences.org\/occitanie\/web\/wp-content\/uploads\/2016\/03\/IMG_5222-300x200.jpg\" alt=\"Cr\u00e9dit : Plan\u00e8te Sciences Midi-Pyr\u00e9n\u00e9es\" width=\"212\" height=\"141\" srcset=\"https:\/\/www.planete-sciences.org\/occitanie\/web\/wp-content\/uploads\/2016\/03\/IMG_5222-300x200.jpg 300w, https:\/\/www.planete-sciences.org\/occitanie\/web\/wp-content\/uploads\/2016\/03\/IMG_5222-768x512.jpg 768w, https:\/\/www.planete-sciences.org\/occitanie\/web\/wp-content\/uploads\/2016\/03\/IMG_5222-1024x683.jpg 1024w, https:\/\/www.planete-sciences.org\/occitanie\/web\/wp-content\/uploads\/2016\/03\/IMG_5222-600x400.jpg 600w\" sizes=\"(max-width: 212px) 100vw, 212px\" \/><\/strong><\/span><\/p>\n<p>Il s\u2019agit de \u00a0d\u00e9fis scientifiques et techniques qui proposent \u00e0 des \u00e9quipes de jeunes participants (7 \u00e0 18 ans) de cr\u00e9er un robot filoguid\u00e9 afin de d\u00e9couvrir, de fa\u00e7on ludique et p\u00e9dagogique, les domaines de la robotique: m\u00e9canique, \u00e9lectricit\u00e9, informatique et \u00e9lectronique. Pour l\u2019\u00e9dition 2017, les jeunes travaillent sur la th\u00e9matique \u00ab\u00a0Moon Village\u00a0\u00bb. Ainsi un programme riche sera-t-il propos\u00e9 au grand public autour des robots de l\u2019espace\u00a0: Ateliers, conf\u00e9rences, d\u00e9monstration etc.<\/p>\n<p><img decoding=\"async\" class=\"wp-image-640980 alignleft\" src=\"https:\/\/www.planete-sciences.org\/occitanie\/web\/wp-content\/uploads\/2016\/06\/DF_28-mai-42-300x200.jpg\" alt=\"\" width=\"131\" height=\"87\" srcset=\"https:\/\/www.planete-sciences.org\/occitanie\/web\/wp-content\/uploads\/2016\/06\/DF_28-mai-42-300x200.jpg 300w, https:\/\/www.planete-sciences.org\/occitanie\/web\/wp-content\/uploads\/2016\/06\/DF_28-mai-42-768x512.jpg 768w, https:\/\/www.planete-sciences.org\/occitanie\/web\/wp-content\/uploads\/2016\/06\/DF_28-mai-42-1024x683.jpg 1024w, https:\/\/www.planete-sciences.org\/occitanie\/web\/wp-content\/uploads\/2016\/06\/DF_28-mai-42-600x400.jpg 600w\" sizes=\"(max-width: 131px) 100vw, 131px\" \/>L\u2019ann\u00e9e se poursuivra avec les <a href=\"http:\/\/www.planete-sciences.org\/blogs\/defissolaires\/\">D\u00e9fis Solaires<\/a>. Ce dispositif permet de sensibiliser les plus jeunes aux \u00e9nergies renouvelables et d\u2019aborder les notions de circuits \u00e9lectriques, d\u2019une mani\u00e8re originale et concr\u00e8te : en construisant de petits v\u00e9hicules \u00e9lectriques qui utilisent l\u2019\u00e9nergie solaire pour se mouvoir en ligne droite. \u00a0D\u2019avril \u00e0 juin 2017, diff\u00e9rentes courses entre les 115 v\u00e9hicules r\u00e9alis\u00e9es par les \u00e9l\u00e8ves seront organis\u00e9es.<\/p>\n<p>Voici les dates \u00e0 ne pas manquer de la tourn\u00e9e team <span style=\"color: #333399;\"><strong>D\u00e9fis Solaires 2017<\/strong><\/span>\u00a0:<\/p>\n<p><img decoding=\"async\" class=\" wp-image-640935 alignleft\" src=\"https:\/\/www.planete-sciences.org\/occitanie\/web\/wp-content\/uploads\/2016\/06\/DF_Photo-Elise-300x169.jpeg\" alt=\"\" width=\"199\" height=\"112\" srcset=\"https:\/\/www.planete-sciences.org\/occitanie\/web\/wp-content\/uploads\/2016\/06\/DF_Photo-Elise-300x169.jpeg 300w, https:\/\/www.planete-sciences.org\/occitanie\/web\/wp-content\/uploads\/2016\/06\/DF_Photo-Elise-768x432.jpeg 768w, https:\/\/www.planete-sciences.org\/occitanie\/web\/wp-content\/uploads\/2016\/06\/DF_Photo-Elise-1024x576.jpeg 1024w, https:\/\/www.planete-sciences.org\/occitanie\/web\/wp-content\/uploads\/2016\/06\/DF_Photo-Elise-600x338.jpeg 600w, https:\/\/www.planete-sciences.org\/occitanie\/web\/wp-content\/uploads\/2016\/06\/DF_Photo-Elise.jpeg 1632w\" sizes=\"(max-width: 199px) 100vw, 199px\" \/><\/p>\n<ul>\n<li><strong><span style=\"color: #333399;\">Le 25 avril dans le stade de Tarbes\u00a0;<\/span><\/strong><\/li>\n<li><strong><span style=\"color: #333399;\">Le vendredi 19 et samedi 20 mai \u00e0 la cit\u00e9 de l\u2019espace Toulouse\u00a0;<\/span><\/strong><\/li>\n<li><strong><span style=\"color: #333399;\">Le jeudi 8 juin dans le Gers\u00a0;<\/span><\/strong><\/li>\n<li><strong><span style=\"color: #333399;\">Le mardi 13 juin dans le Lot\u00a0;<\/span><\/strong><\/li>\n<li><strong><span style=\"color: #333399;\">Mardi 20 juin dans le Tarn.<\/span><\/strong><\/li>\n<\/ul>\n<p>&nbsp;<\/p>\n<p style=\"text-align: left;\">En mai auront \u00e9galement lieu <a href=\"https:\/\/www.planete-sciences.org\/occitanie\/web\/rme\/\">Les Rencontres M\u00e9t\u00e9o et Espace<\/a>, une manifestation organis\u00e9e sur le site de la m\u00e9t\u00e9opole par M\u00e9t\u00e9o-France, le CNES et Plan\u00e8te Sciences Midi-Pyr\u00e9n\u00e9es, en partenariat avec l\u2019Association des Anciens de la M\u00e9t\u00e9o, M\u00e9t\u00e9o et Climat, Infoclimat et l\u2019acad\u00e9mie de Toulouse. Elles s\u2019inscrivent dans la valorisation des projets men\u00e9s dans le cadre scolaire par des \u00e9l\u00e8ves de toute la r\u00e9gion Occitanie. <span style=\"color: #333399;\"><strong>Les Rencontres M\u00e9t\u00e9o et Espace 2017 auront lieu le mardi 16 mai.<\/strong><\/span><\/p>\n<p><strong>\u00a0<\/strong>Comme chaque ann\u00e9e des clubs scientifiques sont accompagn\u00e9s par Plan\u00e8te Sciences pour monter des projets de haut niveau. Que ce soit des fus\u00e9es ou des ballons stratosph\u00e9riques, l\u2019association est en lien avec l\u2019aviation civile pour organiser les diff\u00e9rentes campagnes de lancement pr\u00e9vues entre avril et juillet 2017\u00a0!<\/p>\n<p>Enfin, cette ann\u00e9e aura lieu LE rendez-vous en astronomie\u00a0: <a href=\"http:\/\/cielenfete.fr\/\" rel=\"noopener\"><strong><span style=\"color: #333399;\">Ciel en F\u00eate\u00a0<\/span><\/strong><\/a>! \u00c9v\u00e8nement phare de la Culture Scientifique et Technique, ce festival est organis\u00e9 <strong><span style=\"color: #333399;\">du vendredi 02 juin au dimanche 04 juin 2017 \u00e0 la cit\u00e9 de l\u2019espace<\/span><\/strong>. Au programme\u00a0: Village astro, rencontres et ateliers, observation du ciel etc.\u00a0 Les cr\u00e9neaux du vendredi sont r\u00e9serv\u00e9s aux groupes scolaires\u00a0!<strong><br \/>\n<\/strong><\/p>\n<p>&nbsp;<\/p>\n<ul>\n<li><span style=\"color: #993366;\"><strong>Des ateliers scientifiques\u00a0: <\/strong><\/span><\/li>\n<\/ul>\n<p>Pour ce d\u00e9but d\u2019ann\u00e9e 2017, les m\u00e9diateurs de Plan\u00e8te Sciences Occitanie seront en itin\u00e9rance pr\u00e8s de chez vous\u00a0!<\/p>\n<ul>\n<li>Dans le cadre du projet Sur la Route des Sciences, une animation pour chaque d\u00e9partement occitan sera pr\u00e9vue\u00a0!<\/li>\n<li>En partenariat avec la mairie de Toulouse, nos m\u00e9diateurs scientifiques m\u00e8nent des ateliers robotique hebdomadaires \u00e0 Soupetard et La Terrasse.<\/li>\n<li>Il sera \u00e9galement propos\u00e9 une exposition avec diff\u00e9rentes animation autour de la vie dans l\u2019espace au Centre Culture Soupetard le mardi 14 et jeudi 16 mars.<\/li>\n<li>L\u2019association Plan\u00e8te Sciences Occitanie est \u00e9galement partenaire de l\u2019ORAMIP dans le d\u00e9ploiement d\u2019ateliers sur la qualit\u00e9 de l\u2019air et la respiration financ\u00e9s par l\u2019ARS. <a href=\"http:\/\/oramip.atmo-midipyrenees.org\/les-publications-de-l-oramip\/espace-pedagogique\/les-ateliers-l-air-et-moi\" rel=\"noopener\">INFORMATION ET INSCRIPTIONS ICI\u00a0<\/a>!<\/li>\n<li>Enfin, avec diff\u00e9rentes associations de Culture Scientifique et Technique, Plan\u00e8te Sciences Occitanie contribue \u00e0 faire rayonner le <a href=\"http:\/\/www.quaidessavoirs.fr\/#\/?_k=w2od45\" rel=\"noopener\">Quai des Savoirs <\/a>dans diff\u00e9rentes villes de la m\u00e9tropole\u00a0:\n<ul>\n<li><span style=\"color: #333399;\"><strong>A Blagnac du 14 au 25 f\u00e9vrier<\/strong><\/span> sur la th\u00e9matique de la robotique et du num\u00e9rique\u00a0;<\/li>\n<li><strong><span style=\"color: #333399;\">A Colomiers du 7 au 11 mars<\/span> <\/strong>autour de l\u2019exposition \u00ab\u00a0Infiniment, le pays des \u00e9toiles\u00a0\u00bb propos\u00e9e par le Pavillon Blanc\u00a0;<\/li>\n<li><span style=\"color: #333399;\"><strong>A la m\u00e9diath\u00e8que Grand M de Toulouse du 13 mars au 7 juin<\/strong><\/span>, Plan\u00e8te Sciences Occitanie accompagnera diff\u00e9rents projets scolaires sur la th\u00e9matique du futur durable\u00a0;<\/li>\n<li><strong><span style=\"color: #333399;\">A Villeneuve Tolosan du 11 au 28 avril<\/span><\/strong> autour des \u00e9nergies renouvelables\u00a0;<\/li>\n<li><strong><span style=\"color: #333399;\">A Saint Alban du 5 au 21 avril<\/span> <\/strong>pour un futur \u00e9toil\u00e9 ;<\/li>\n<li><strong><span style=\"color: #333399;\">A Saint Jory du 30 mai au 4 juin<\/span><\/strong> sur la th\u00e9matique du futur durable.<\/li>\n<\/ul>\n<\/li>\n<\/ul>\n<p>&nbsp;<\/p>\n<ul>\n<li><span style=\"color: #993366;\"><strong>Un accueil en centre de loisirs\u00a0: <\/strong><\/span><\/li>\n<\/ul>\n<p><strong>\u00a0<\/strong><\/p>\n<p>L\u2019\u00e9quipe d\u2019animateurs de Plan\u00e8te Sciences, est pr\u00e9sente pendant les vacances scolaires dans nos deux centres de loisirs\u00a0:<\/p>\n<ul>\n<li>Au Quai des Curieux au Quai des Savoirs \u00e0 Toulouse\u00a0;<\/li>\n<li>A la Maison des Sciences \u00e0 Ramonville Saint-Agne.<\/li>\n<\/ul>\n<p>Toute les informations sur la programmation sont\u00a0<a href=\"https:\/\/www.planete-sciences.org\/occitanie\/web\/la-maison-des-sciences\/\">ici<\/a>.<\/p>\n<p><strong><img loading=\"lazy\" decoding=\"async\" class=\" wp-image-561489 aligncenter\" src=\"https:\/\/www.planete-sciences.org\/occitanie\/web\/wp-content\/uploads\/2016\/03\/pixiz-02-03-2016-12_59_12-300x300.jpg\" alt=\"\" width=\"372\" height=\"372\" srcset=\"https:\/\/www.planete-sciences.org\/occitanie\/web\/wp-content\/uploads\/2016\/03\/pixiz-02-03-2016-12_59_12-300x300.jpg 300w, https:\/\/www.planete-sciences.org\/occitanie\/web\/wp-content\/uploads\/2016\/03\/pixiz-02-03-2016-12_59_12-150x150.jpg 150w, https:\/\/www.planete-sciences.org\/occitanie\/web\/wp-content\/uploads\/2016\/03\/pixiz-02-03-2016-12_59_12-600x600.jpg 600w, https:\/\/www.planete-sciences.org\/occitanie\/web\/wp-content\/uploads\/2016\/03\/pixiz-02-03-2016-12_59_12.jpg 630w\" sizes=\"(max-width: 372px) 100vw, 372px\" \/><\/strong><\/p>\n<p><strong>\u00a0<\/strong><\/p>\n<p><strong>\u00a0<\/strong><\/p>\n<p>&nbsp;<\/p>\n<ul>\n<li><span style=\"color: #993366;\"><strong>Des formations\u00a0: <\/strong><\/span><\/li>\n<\/ul>\n<p>Vous souhaitez vous former \u00e0 la m\u00e9diation scientifique\u00a0? \u00a0Diff\u00e9rentes formations vous seront propos\u00e9es\u00a0:<\/p>\n<ul>\n<li><strong><span style=\"color: #333399;\">Les Activit\u00e9s de D\u00e9couvertes Scientifiques et Techniques (ADST) expliqu\u00e9es \u00e0 tous expliqu\u00e9es \u00e0 tous<\/span> <\/strong>: Est-il possible de mener des activit\u00e9s \u00e0 dominante scientifique quand on n\u2019a jamais brill\u00e9 dans cette discipline \u00e0 l\u2019\u00e9cole ? Durant deux jours, nous chercherons \u00e0 r\u00e9pondre \u00e0 cette question par la pratique ! L\u2019objectif est de d\u00e9mystifier la pratique des ADST en accueil de loisirs p\u00e9ri ou extra scolaire. Gr\u00e2ce \u00e0 des supports simples et accessibles, vous comprendrez comment concevoir et mener une ADST de la sensibilisation aux projets d\u2019enfants.\n<ul>\n<li>Deux sessions de formation sont propos\u00e9es\u00a0:\n<ul>\n<li>Le mardi 17 janvier et jeudi 2 f\u00e9vrier 2017<\/li>\n<li>Le mardi 14 f\u00e9vrier et jeudi 2 mars 2017<\/li>\n<\/ul>\n<\/li>\n<\/ul>\n<\/li>\n<\/ul>\n<ul>\n<li><strong><span style=\"color: #333399;\">Les robots programmables \u00e0 usage p\u00e9dagogique<\/span><\/strong> : Nous vous proposons pour ce premier semestre 2017 une nouvelle formation sur les robots programmables \u00e0 usage p\u00e9dagogique. Les objectifs de la formation sont de d\u00e9couvrir et manipuler les diff\u00e9rents robots : <a href=\"http:\/\/www.planete-sciences.org\/robot\/boumbot\">Boum\u2019Bot<\/a>, <a href=\"https:\/\/www.thymio.org\/fr:thymio\" rel=\"noopener\">Thymio<\/a>, <a href=\"http:\/\/www.robotsenclasse.ch\/robots-en-classe\/beebot\" rel=\"noopener\">Bee Bot<\/a> et <a href=\"http:\/\/www.easytis.com\/fr\/tts\/299-robot-blue-bot-bluebot-.html\" rel=\"noopener\">Blue Bot<\/a> et des s\u00e9quences \u00e9ducatives adapt\u00e9es aux \u00e9l\u00e8ves. Cette formation se d\u00e9roulera le lundi 6 f\u00e9vrier, mardi 7 f\u00e9vrier et samedi 1er avril. Le co\u00fbt de cette formation et de 200 \u20ac pour 3 jours de formation \/ pers. Il est possible de pr\u00e9voir un remboursement \u00a0OPCA.<\/li>\n<\/ul>\n<ul>\n<li><strong><span style=\"color: #333399;\">Agr\u00e9ment microfus\u00e9es : <\/span><\/strong><span style=\"color: #000000;\">Apprenez \u00e0 construire et lancer des micro fus\u00e9es en toute s\u00e9curit\u00e9 ! Cet agr\u00e9ment vous permettra \u00e9galement\u00a0 de connaitre la\u00a0 l\u00e9gislation en vigueur, le vol de la fus\u00e9e, l&rsquo;organisation d&rsquo;une campagne de lancement et l&rsquo;exploitation de ses r\u00e9sultats. Ctte formation se d\u00e9roulera du samedi 15 avril au lundi 17 avril. L\u2019agr\u00e9ment coute 250 \u20ac par stagiaire.<\/span><\/li>\n<\/ul>\n<ul>\n<li><strong><span style=\"color: #000000;\"><span style=\"color: #333399;\">Fus\u00e9es \u00e0 eau<\/span>\u00a0<\/span><\/strong>: Vous apprendrez \u00a0\u00e0 mettre en place en toute s\u00e9curit\u00e9 un atelier fus\u00e9e \u00e0 eau aupr\u00e8s des jeunes puis vous \u00e9changerez sur les exp\u00e9rimentations des techniques de base : construction de la fus\u00e9e, utilisation de la rampe de lancements, r\u00e8gles de s\u00e9curit\u00e9, construction de parachute, &#8230; ; Cette formation se d\u00e9roulera le \u00a0samedi 25 mars et dimanche 26 mars.<\/li>\n<\/ul>\n<ul>\n<li><strong><span style=\"color: #333399;\">Formation en astronomie\u00a0<\/span><\/strong>: Le samedi 13 mai l\u2019association Plan\u00e8te Sciences Occitanie organise une formation en astronomie. Cette formation est destin\u00e9e aux d\u00e9butants en astronomie.\u00a0 A l\u2019issu de celle-ci vous serez en mesure de : Monter un t\u00e9lescope, Mettre en station et r\u00e9gler un t\u00e9lescope, se rep\u00e9rer dans le ciel, \u00a0Pointer et observer un objet. <strong>Cette formation est propos\u00e9e gratuitement \u00e0 tous ceux qui souhaitent \u00eatre b\u00e9n\u00e9vole \u00e0 Ciel en F\u00eate organis\u00e9 du 1<sup>er<\/sup> au 4 juin 2017\u00a0! <\/strong><\/li>\n<\/ul>\n<p><strong>\u00a0<\/strong><\/p>\n<ul>\n<li><span style=\"color: #993366;\"><strong>Des s\u00e9jours scientifiques tout l\u2019\u00e9t\u00e9\u00a0!<\/strong><\/span><\/li>\n<\/ul>\n<p>Partir en <a href=\"https:\/\/www.planete-sciences.org\/occitanie\/web\/les-sejours-de-vacances\/\">s\u00e9jour de vacances avec Plan\u00e8te Sciences Midi-Pyr\u00e9n\u00e9es<\/a>, c\u2019est se d\u00e9tendre, jouer, pratiquer les sciences pour le plaisir. On peut y choisir ses activit\u00e9s et r\u00e9aliser ses envies.\u00a0 Des s\u00e9jours avec Plan\u00e8te Sciences c\u2019est aussi se faire des copains, des copines avec qui partager ses passions et ses projets dans un cadre nouveau. C\u2019est participer \u00e0 une aventure passionnante\u00a0! Nos s\u00e9jours, d\u2019une dur\u00e9e entre 7 et 20 jours, ont lieu \u00e0 la <a href=\"http:\/\/www.planete-sciences.org\/blogs\/sejours\/cat\/rouatiere\/\">Rouati\u00e8re<\/a> ou \u00e0 <a href=\"http:\/\/www.planete-sciences.org\/blogs\/sejours\/cat\/lagraulet\/\">Montr\u00e9al-du-Gers<\/a>.<\/p>\n<p>&nbsp;<\/p>\n<p style=\"text-align: center;\">Et il y aura \u00e9galement de nombreux moments conviviaux de notre vie associative, que ce soit lors de l&rsquo;Assembl\u00e9e G\u00e9n\u00e9rale,\u00a0 ou de la tenue de groupes th\u00e9matiques et de clubs techniques !<\/p>\n<p>&nbsp;<\/p>\n<p><strong>\u00a0<\/strong><\/p>\n<p>&nbsp; <\/p>\n","protected":false},"excerpt":{"rendered":"<p>Pour cette nouvelle ann\u00e9e 2017, Plan\u00e8te Sciences Occitanie propose \u00e0 ses adh\u00e9rents un programme riche en activit\u00e9s scientifiques et techniques. &nbsp; Nos manifestations 2017\u00a0: Comme chaque ann\u00e9e, l\u2019association Plan\u00e8te Sciences Occitanie, propose aux \u00e9l\u00e8ves ayant men\u00e9s un projet scientifique d\u2019exposer leurs r\u00e9alisations lors d\u2019un \u00e9v\u00e8nement de valorisation. L\u2019ann\u00e9e commencera avec les Troph\u00e9es de robotique le [&hellip;]<\/p>\n","protected":false},"author":13,"featured_media":0,"comment_status":"closed","ping_status":"open","sticky":false,"template":"","format":"gallery","meta":{"ocean_post_layout":"","ocean_both_sidebars_style":"","ocean_both_sidebars_content_width":0,"ocean_both_sidebars_sidebars_width":0,"ocean_sidebar":"","ocean_second_sidebar":"","ocean_disable_margins":"enable","ocean_add_body_class":"","ocean_shortcode_before_top_bar":"","ocean_shortcode_after_top_bar":"","ocean_shortcode_before_header":"","ocean_shortcode_after_header":"","ocean_has_shortcode":"","ocean_shortcode_after_title":"","ocean_shortcode_before_footer_widgets":"","ocean_shortcode_after_footer_widgets":"","ocean_shortcode_before_footer_bottom":"","ocean_shortcode_after_footer_bottom":"","ocean_display_top_bar":"default","ocean_display_header":"default","ocean_header_style":"","ocean_center_header_left_menu":"","ocean_custom_header_template":"","ocean_custom_logo":0,"ocean_custom_retina_logo":0,"ocean_custom_logo_max_width":0,"ocean_custom_logo_tablet_max_width":0,"ocean_custom_logo_mobile_max_width":0,"ocean_custom_logo_max_height":0,"ocean_custom_logo_tablet_max_height":0,"ocean_custom_logo_mobile_max_height":0,"ocean_header_custom_menu":"","ocean_menu_typo_font_family":"","ocean_menu_typo_font_subset":"","ocean_menu_typo_font_size":0,"ocean_menu_typo_font_size_tablet":0,"ocean_menu_typo_font_size_mobile":0,"ocean_menu_typo_font_size_unit":"px","ocean_menu_typo_font_weight":"","ocean_menu_typo_font_weight_tablet":"","ocean_menu_typo_font_weight_mobile":"","ocean_menu_typo_transform":"","ocean_menu_typo_transform_tablet":"","ocean_menu_typo_transform_mobile":"","ocean_menu_typo_line_height":0,"ocean_menu_typo_line_height_tablet":0,"ocean_menu_typo_line_height_mobile":0,"ocean_menu_typo_line_height_unit":"","ocean_menu_typo_spacing":0,"ocean_menu_typo_spacing_tablet":0,"ocean_menu_typo_spacing_mobile":0,"ocean_menu_typo_spacing_unit":"","ocean_menu_link_color":"","ocean_menu_link_color_hover":"","ocean_menu_link_color_active":"","ocean_menu_link_background":"","ocean_menu_link_hover_background":"","ocean_menu_link_active_background":"","ocean_menu_social_links_bg":"","ocean_menu_social_hover_links_bg":"","ocean_menu_social_links_color":"","ocean_menu_social_hover_links_color":"","ocean_disable_title":"default","ocean_disable_heading":"default","ocean_post_title":"","ocean_post_subheading":"","ocean_post_title_style":"","ocean_post_title_background_color":"","ocean_post_title_background":0,"ocean_post_title_bg_image_position":"","ocean_post_title_bg_image_attachment":"","ocean_post_title_bg_image_repeat":"","ocean_post_title_bg_image_size":"","ocean_post_title_height":0,"ocean_post_title_bg_overlay":0.5,"ocean_post_title_bg_overlay_color":"","ocean_disable_breadcrumbs":"default","ocean_breadcrumbs_color":"","ocean_breadcrumbs_separator_color":"","ocean_breadcrumbs_links_color":"","ocean_breadcrumbs_links_hover_color":"","ocean_display_footer_widgets":"default","ocean_display_footer_bottom":"default","ocean_custom_footer_template":"","_vp_format_video_url":"","_vp_image_focal_point":[],"ocean_post_oembed":"","ocean_post_self_hosted_media":"","ocean_post_video_embed":"","ocean_link_format":"","ocean_link_format_target":"self","ocean_quote_format":"","ocean_quote_format_link":"post","ocean_gallery_link_images":"on","ocean_gallery_id":[],"footnotes":""},"categories":[11],"tags":[],"class_list":["post-871133","post","type-post","status-publish","format-gallery","hentry","category-planete-sciences","post_format-post-format-gallery","entry"],"_links":{"self":[{"href":"https:\/\/www.planete-sciences.org\/occitanie\/web\/wp-json\/wp\/v2\/posts\/871133","targetHints":{"allow":["GET"]}}],"collection":[{"href":"https:\/\/www.planete-sciences.org\/occitanie\/web\/wp-json\/wp\/v2\/posts"}],"about":[{"href":"https:\/\/www.planete-sciences.org\/occitanie\/web\/wp-json\/wp\/v2\/types\/post"}],"author":[{"embeddable":true,"href":"https:\/\/www.planete-sciences.org\/occitanie\/web\/wp-json\/wp\/v2\/users\/13"}],"replies":[{"embeddable":true,"href":"https:\/\/www.planete-sciences.org\/occitanie\/web\/wp-json\/wp\/v2\/comments?post=871133"}],"version-history":[{"count":1,"href":"https:\/\/www.planete-sciences.org\/occitanie\/web\/wp-json\/wp\/v2\/posts\/871133\/revisions"}],"predecessor-version":[{"id":2256179,"href":"https:\/\/www.planete-sciences.org\/occitanie\/web\/wp-json\/wp\/v2\/posts\/871133\/revisions\/2256179"}],"wp:attachment":[{"href":"https:\/\/www.planete-sciences.org\/occitanie\/web\/wp-json\/wp\/v2\/media?parent=871133"}],"wp:term":[{"taxonomy":"category","embeddable":true,"href":"https:\/\/www.planete-sciences.org\/occitanie\/web\/wp-json\/wp\/v2\/categories?post=871133"},{"taxonomy":"post_tag","embeddable":true,"href":"https:\/\/www.planete-sciences.org\/occitanie\/web\/wp-json\/wp\/v2\/tags?post=871133"}],"curies":[{"name":"wp","href":"https:\/\/api.w.org\/{rel}","templated":true}]}}