{"id":835431,"date":"2016-12-16T10:30:15","date_gmt":"2016-12-16T09:30:15","guid":{"rendered":"http:\/\/www.planete-sciences.org\/midi-pyrenees\/web\/?p=835431"},"modified":"2024-01-28T16:20:48","modified_gmt":"2024-01-28T15:20:48","slug":"ouverture-des-inscriptions-aux-rencontres-meteo-et-espace-2017","status":"publish","type":"post","link":"https:\/\/www.planete-sciences.org\/occitanie\/web\/ouverture-des-inscriptions-aux-rencontres-meteo-et-espace-2017\/","title":{"rendered":"Ouverture des inscriptions aux Rencontres M\u00e9t\u00e9o et Espace 2017 !"},"content":{"rendered":"<p>&nbsp;<\/p>\n<p lang=\"zxx\" align=\"center\"><span style=\"font-family: Times New Roman,serif;\"><span style=\"font-size: small;\"><u><b>Les Rencontres M\u00e9t\u00e9o et Espace (RME) : <\/b><\/u><\/span><\/span><\/p>\n<p lang=\"zxx\" align=\"center\"><span style=\"font-family: Times New Roman,serif;\"><span style=\"font-size: small;\"><u><b>L&rsquo;espace, la m\u00e9t\u00e9o et le climat \u00e0 l&rsquo;\u00e9cole !<\/b><\/u><\/span><\/span><\/p>\n<p lang=\"zxx\" align=\"center\"><span style=\"font-family: Times New Roman,serif;\"><span style=\"font-size: small;\"><i>M\u00e9t\u00e9o-France, le CNES, Plan\u00e8te Sciences Midi-Pyr\u00e9n\u00e9es, l\u2019Association des Anciens de la M\u00e9t\u00e9o, M\u00e9t\u00e9o et Climat, Infoclimat et l\u2019acad\u00e9mie de Toulouse proposent des ressources en partenariat pour la mise en oeuvre de projets scolaires et de leur valorisation. <\/i><\/span><\/span><\/p>\n<p lang=\"zxx\" align=\"right\"><span style=\"font-family: Times New Roman,serif;\"><span style=\"font-size: small;\"><b>Des projets \u00e9ducatifs sur l&rsquo;Espace, la M\u00e9t\u00e9o et le Climat<\/b><\/span><\/span><\/p>\n<p lang=\"zxx\"><span style=\"font-family: Times New Roman,serif;\"><span style=\"font-size: small;\">Vous souhaitez mettre en place avec vos \u00e9l\u00e8ves un projet pour aborder l&rsquo;espace, la m\u00e9t\u00e9o ou le climat ? Les partenaires des Rencontres M\u00e9t\u00e9o et Espace, peuvent vous accompagner !<\/span><\/span><\/p>\n<p lang=\"zxx\"><span style=\"font-family: Times New Roman,serif;\"><span style=\"font-size: small;\"><b>Des projets <\/b><b>propos\u00e9s par les partenaires <\/b><b>:<\/b><b> <\/b><\/span><\/span><\/p>\n<ul>\n<li>\n<p lang=\"zxx\"><span style=\"font-family: Times New Roman,serif;\"><span style=\"font-size: small;\">Les projets Calisph&rsquo;air et Argonautica du CNES permettent d&rsquo;aborder respectivement la qualit\u00e9 de l&rsquo;air et l&rsquo;\u00e9tude des oc\u00e9ans et du climat ;<\/span><\/span><\/p>\n<\/li>\n<li>\n<p lang=\"zxx\"><span style=\"font-family: Times New Roman,serif;\"><span style=\"font-size: small;\">Plan\u00e8te Sciences Midi-Pyr\u00e9n\u00e9es accompagne des enseignants \u00e0 la mise en oeuvre de projets scolaires : \u00ab\u00a0Un Ballon Pour l&rsquo;Ecole\u00a0\u00bb, \u00ab\u00a0&lsquo;m\u00e9t\u00e9o et climat\u00a0\u00bb, \u00ab\u00a0Un bon plan pour l&rsquo;air\u00a0\u00bb etc.<\/span><\/span><\/p>\n<\/li>\n<\/ul>\n<p lang=\"zxx\"><span style=\"color: #000000;\"><span style=\"font-family: Times New Roman,serif;\"><span style=\"font-size: small;\"><span lang=\"zxx\"><b>Des projets <\/b><\/span><\/span><\/span><span style=\"font-family: Times New Roman,serif;\"><span style=\"font-size: small;\"><span lang=\"zxx\"><b>que vous menez ou que vous souhaitez mettre en oeuvre <\/b><\/span><\/span><\/span><span style=\"font-family: Times New Roman,serif;\"><span style=\"font-size: small;\"><span lang=\"zxx\">: <\/span><\/span><\/span><span style=\"font-family: Times New Roman,serif;\"><span style=\"font-size: small;\"><span lang=\"zxx\">Plan\u00e8te Sciences Midi-Pyr\u00e9n\u00e9es <\/span><\/span><\/span><span style=\"font-family: Times New Roman,serif;\"><span style=\"font-size: small;\"><span lang=\"zxx\">vous propose un accompagnement individualis\u00e9 <\/span><\/span><\/span><span style=\"font-family: Times New Roman,serif;\"><span style=\"font-size: small;\"><span lang=\"zxx\">sur les th\u00e8mes de votre choix : <\/span><\/span><\/span><span style=\"font-family: Times New Roman,serif;\"><span style=\"font-size: small;\"><span lang=\"zxx\">\u00e9tude de terrain, \u00e9tude climatique d\u2019un site, r\u00e9alisations techniques, mesures, observations, etc. . des formations sp\u00e9cifiques pourront \u00eatre propos\u00e9es et des r\u00e9f\u00e9rents vous accompagneront dans la mise en \u0153uvre de votre projet.<\/span><\/span><\/span><\/span><\/p>\n<p lang=\"zxx\" align=\"right\"><span style=\"font-family: Times New Roman,serif;\"><span style=\"font-size: small;\"><b>Les Rencontres M\u00e9t\u00e9o et Espace<\/b><\/span><\/span><\/p>\n<p lang=\"zxx\"><span style=\"font-family: Times New Roman,serif;\"><span style=\"font-size: small;\"><i>Vous avez men\u00e9 un projet scientifique \u00e0 l&rsquo;\u00e9cole sur l&rsquo;espace, la m\u00e9t\u00e9o ou le climat ?<\/i><\/span><\/span><\/p>\n<p lang=\"zxx\"><span style=\"font-family: Times New Roman,serif;\"><span style=\"font-size: small;\">Les Rencontres M\u00e9t\u00e9o et Espace sont une manifestation organis\u00e9e sur le site de la m\u00e9t\u00e9opole par M\u00e9t\u00e9o-France, le CNES et Plan\u00e8te Sciences Midi-Pyr\u00e9n\u00e9es, en partenariat avec l\u2019Association des Anciens de la M\u00e9t\u00e9o, M\u00e9t\u00e9o et Climat, Infoclimat et l\u2019acad\u00e9mie de Toulouse. Elles s\u2019inscrivent dans la valorisation des projets men\u00e9s dans le cadre scolaire par des \u00e9l\u00e8ves de toute la r\u00e9gion Occitanie. <\/span><\/span><\/p>\n<p lang=\"zxx\"><span style=\"font-family: Times New Roman,serif;\"><span style=\"font-size: small;\">Cette journ\u00e9e a comme objectif de : <\/span><\/span><\/p>\n<ul>\n<li>\n<p lang=\"zxx\"><span style=\"font-family: Times New Roman,serif;\"><span style=\"font-size: small;\">valoriser une \u00e9tude scientifique men\u00e9e par des \u00e9l\u00e8ves ;<\/span><\/span><\/p>\n<\/li>\n<li>\n<p lang=\"zxx\"><span style=\"font-family: Times New Roman,serif;\"><span style=\"font-size: small;\">proposer des rencontres conviviales et humaines entre les \u00e9l\u00e8ves et des professionnels ;<\/span><\/span><\/p>\n<\/li>\n<li>\n<p lang=\"zxx\"><span style=\"color: #000000;\"><span style=\"font-family: Times New Roman,serif;\"><span style=\"font-size: small;\">inciter \u00e0 pratiquer des sciences relatives \u00e0 l&rsquo;espace, la m\u00e9t\u00e9o, le climat et contribuer \u00e0 revaloriser les carri\u00e8res scientifiques ;<\/span><\/span><\/span><\/p>\n<\/li>\n<li>\n<p lang=\"zxx\"><span style=\"font-family: Times New Roman,serif;\"><span style=\"font-size: small;\">initier des nouveaux projets aupr\u00e8s des scolaires (\u00e9l\u00e9mentaires, coll\u00e8ges et lyc\u00e9es). <\/span><\/span><\/p>\n<\/li>\n<\/ul>\n<p lang=\"zxx\"><span style=\"font-family: Times New Roman,serif;\"><span style=\"font-size: small;\"><span lang=\"zxx\"><br \/>\n<\/span><span lang=\"zxx\">Lors de cette journ\u00e9e, diff\u00e9rentes activt\u00e9s pourront \u00eatre propos\u00e9es : <\/span><\/span><\/span><\/p>\n<ul>\n<li>\n<p lang=\"zxx\"><span style=\"font-family: Times New Roman,serif;\"><span style=\"font-size: small;\"><span lang=\"zxx\"><u>La valorisation de projets<\/u><\/span><span style=\"color: #000000;\"><span lang=\"zxx\"><u> : <\/u><\/span><\/span><span style=\"color: #000000;\"><span lang=\"zxx\">Chaque <\/span><\/span><span style=\"color: #000000;\"><span lang=\"zxx\">groupe d&rsquo;\u00e9l\u00e8ve<\/span><\/span><span style=\"color: #000000;\"><span lang=\"zxx\">s <\/span><\/span><span style=\"color: #000000;\"><span lang=\"zxx\">est invit<\/span><\/span><span style=\"color: #000000;\"><span lang=\"zxx\">\u00e9 \u00e0 pr\u00e9senter son projet <\/span><\/span><span style=\"color: #000000;\"><span lang=\"zxx\">devant<\/span><\/span><span style=\"color: #000000;\"><span lang=\"zxx\"> un jury en <\/span><\/span><span style=\"color: #000000;\"><span lang=\"zxx\"><b>quelques minutes<\/b><\/span><\/span><span style=\"color: #000000;\"><span lang=\"zxx\">. Ce jury est compos\u00e9 des membres des diff\u00e9rents partenaires organisateurs. C\u2019est aussi l\u2019occasion de d\u00e9couvrir les projets des autres <\/span><\/span><span style=\"color: #000000;\"><span lang=\"zxx\">classes<\/span><\/span><span style=\"color: #000000;\"><span lang=\"zxx\">. <\/span><\/span><\/span><\/span><\/p>\n<\/li>\n<li>\n<p lang=\"zxx\"><span style=\"color: #000000;\"><span style=\"font-family: Times New Roman,serif;\"><span style=\"font-size: small;\"><u>Des ateliers scientifiques :<\/u> Les \u00e9l\u00e8ves participent \u00e0 divers ateliers interractifs sur la m\u00e9t\u00e9o et l&rsquo;espace. <\/span><\/span><\/span><\/p>\n<\/li>\n<li>\n<p lang=\"zxx\" align=\"left\"><span style=\"color: #000000;\"><span style=\"font-family: Times New Roman,serif;\"><span style=\"font-size: small;\"><u>Des rencontres avec des professionnels <\/u>: C\u2019est pour les \u00e9l\u00e8ves le moment d&rsquo;\u00e9changer avec un scientifique afin de d\u00e9couvrir les secrets de sa profession.<\/span><\/span><\/span><\/p>\n<\/li>\n<\/ul>\n<p lang=\"zxx\" align=\"center\"><span style=\"color: #000000;\"><span style=\"font-family: Times New Roman,serif;\"><span style=\"font-size: small;\"><b>Cet \u00e9v\u00e9nement d\u2019envergure r\u00e9gionale est gratuit. D\u00e9placements et repas sont \u00e0 votre charge. <\/b><\/span><\/span><\/span><\/p>\n<p lang=\"zxx\" align=\"center\"><span style=\"font-family: Times New Roman,serif;\"><span style=\"font-size: small;\"><b>Une fiche d\u2019inscription est \u00e0 votre disposition sur le site de Plan\u00e8te Sciences :\u00a0 <\/b><\/span><\/span><\/p>\n<p>https:\/\/www.planete-sciences.org\/occitanie\/web\/rme<\/p>\n<p lang=\"zxx\" align=\"center\"><span style=\"font-family: Times New Roman,serif;\"><span style=\"font-size: small;\"><b>Date limite d&rsquo;inscription : samedi 4 f\u00e9vrier 2017<\/b><\/span><\/span><\/p>\n<p lang=\"zxx\" align=\"center\"><span style=\"font-family: Times New Roman,serif;\"><span style=\"font-size: small;\"><b>S\u00e9lection des dossiers : lundi 20 f\u00e9vrier 2017<\/b><\/span><\/span><\/p>\n<p lang=\"zxx\" align=\"center\"><span style=\"font-family: Times New Roman,serif;\"><span style=\"font-size: small;\"><b>Date pr\u00e9vue des RME 2017: mardi 16 mai 2017 sur la M\u00e9t\u00e9opole \u00e0 Toulouse. <\/b><\/span><\/span><\/p>\n<p>&nbsp;<\/p>\n<p>[gview file=\u00a0\u00bbhttps:\/\/www.planete-sciences.org\/occitanie\/web\/wp-content\/uploads\/2016\/12\/RME-2017.pdf\u00a0\u00bb]<\/p>\n<p>&nbsp; <\/p>\n","protected":false},"excerpt":{"rendered":"<p>&nbsp; Les Rencontres M\u00e9t\u00e9o et Espace (RME) : L&rsquo;espace, la m\u00e9t\u00e9o et le climat \u00e0 l&rsquo;\u00e9cole ! M\u00e9t\u00e9o-France, le CNES, Plan\u00e8te Sciences Midi-Pyr\u00e9n\u00e9es, l\u2019Association des Anciens de la M\u00e9t\u00e9o, M\u00e9t\u00e9o et Climat, Infoclimat et l\u2019acad\u00e9mie de Toulouse proposent des ressources en partenariat pour la mise en oeuvre de projets scolaires et de leur valorisation. Des [&hellip;]<\/p>\n","protected":false},"author":13,"featured_media":0,"comment_status":"closed","ping_status":"open","sticky":false,"template":"","format":"gallery","meta":{"ocean_post_layout":"","ocean_both_sidebars_style":"","ocean_both_sidebars_content_width":0,"ocean_both_sidebars_sidebars_width":0,"ocean_sidebar":"","ocean_second_sidebar":"","ocean_disable_margins":"enable","ocean_add_body_class":"","ocean_shortcode_before_top_bar":"","ocean_shortcode_after_top_bar":"","ocean_shortcode_before_header":"","ocean_shortcode_after_header":"","ocean_has_shortcode":"","ocean_shortcode_after_title":"","ocean_shortcode_before_footer_widgets":"","ocean_shortcode_after_footer_widgets":"","ocean_shortcode_before_footer_bottom":"","ocean_shortcode_after_footer_bottom":"","ocean_display_top_bar":"default","ocean_display_header":"default","ocean_header_style":"","ocean_center_header_left_menu":"","ocean_custom_header_template":"","ocean_custom_logo":0,"ocean_custom_retina_logo":0,"ocean_custom_logo_max_width":0,"ocean_custom_logo_tablet_max_width":0,"ocean_custom_logo_mobile_max_width":0,"ocean_custom_logo_max_height":0,"ocean_custom_logo_tablet_max_height":0,"ocean_custom_logo_mobile_max_height":0,"ocean_header_custom_menu":"","ocean_menu_typo_font_family":"","ocean_menu_typo_font_subset":"","ocean_menu_typo_font_size":0,"ocean_menu_typo_font_size_tablet":0,"ocean_menu_typo_font_size_mobile":0,"ocean_menu_typo_font_size_unit":"px","ocean_menu_typo_font_weight":"","ocean_menu_typo_font_weight_tablet":"","ocean_menu_typo_font_weight_mobile":"","ocean_menu_typo_transform":"","ocean_menu_typo_transform_tablet":"","ocean_menu_typo_transform_mobile":"","ocean_menu_typo_line_height":0,"ocean_menu_typo_line_height_tablet":0,"ocean_menu_typo_line_height_mobile":0,"ocean_menu_typo_line_height_unit":"","ocean_menu_typo_spacing":0,"ocean_menu_typo_spacing_tablet":0,"ocean_menu_typo_spacing_mobile":0,"ocean_menu_typo_spacing_unit":"","ocean_menu_link_color":"","ocean_menu_link_color_hover":"","ocean_menu_link_color_active":"","ocean_menu_link_background":"","ocean_menu_link_hover_background":"","ocean_menu_link_active_background":"","ocean_menu_social_links_bg":"","ocean_menu_social_hover_links_bg":"","ocean_menu_social_links_color":"","ocean_menu_social_hover_links_color":"","ocean_disable_title":"default","ocean_disable_heading":"default","ocean_post_title":"","ocean_post_subheading":"","ocean_post_title_style":"","ocean_post_title_background_color":"","ocean_post_title_background":0,"ocean_post_title_bg_image_position":"","ocean_post_title_bg_image_attachment":"","ocean_post_title_bg_image_repeat":"","ocean_post_title_bg_image_size":"","ocean_post_title_height":0,"ocean_post_title_bg_overlay":0.5,"ocean_post_title_bg_overlay_color":"","ocean_disable_breadcrumbs":"default","ocean_breadcrumbs_color":"","ocean_breadcrumbs_separator_color":"","ocean_breadcrumbs_links_color":"","ocean_breadcrumbs_links_hover_color":"","ocean_display_footer_widgets":"default","ocean_display_footer_bottom":"default","ocean_custom_footer_template":"","_vp_format_video_url":"","_vp_image_focal_point":[],"ocean_post_oembed":"","ocean_post_self_hosted_media":"","ocean_post_video_embed":"","ocean_link_format":"","ocean_link_format_target":"self","ocean_quote_format":"","ocean_quote_format_link":"post","ocean_gallery_link_images":"on","ocean_gallery_id":[],"footnotes":""},"categories":[11],"tags":[],"class_list":["post-835431","post","type-post","status-publish","format-gallery","hentry","category-planete-sciences","post_format-post-format-gallery","entry"],"_links":{"self":[{"href":"https:\/\/www.planete-sciences.org\/occitanie\/web\/wp-json\/wp\/v2\/posts\/835431","targetHints":{"allow":["GET"]}}],"collection":[{"href":"https:\/\/www.planete-sciences.org\/occitanie\/web\/wp-json\/wp\/v2\/posts"}],"about":[{"href":"https:\/\/www.planete-sciences.org\/occitanie\/web\/wp-json\/wp\/v2\/types\/post"}],"author":[{"embeddable":true,"href":"https:\/\/www.planete-sciences.org\/occitanie\/web\/wp-json\/wp\/v2\/users\/13"}],"replies":[{"embeddable":true,"href":"https:\/\/www.planete-sciences.org\/occitanie\/web\/wp-json\/wp\/v2\/comments?post=835431"}],"version-history":[{"count":1,"href":"https:\/\/www.planete-sciences.org\/occitanie\/web\/wp-json\/wp\/v2\/posts\/835431\/revisions"}],"predecessor-version":[{"id":2256812,"href":"https:\/\/www.planete-sciences.org\/occitanie\/web\/wp-json\/wp\/v2\/posts\/835431\/revisions\/2256812"}],"wp:attachment":[{"href":"https:\/\/www.planete-sciences.org\/occitanie\/web\/wp-json\/wp\/v2\/media?parent=835431"}],"wp:term":[{"taxonomy":"category","embeddable":true,"href":"https:\/\/www.planete-sciences.org\/occitanie\/web\/wp-json\/wp\/v2\/categories?post=835431"},{"taxonomy":"post_tag","embeddable":true,"href":"https:\/\/www.planete-sciences.org\/occitanie\/web\/wp-json\/wp\/v2\/tags?post=835431"}],"curies":[{"name":"wp","href":"https:\/\/api.w.org\/{rel}","templated":true}]}}