{"id":80685,"date":"2014-09-07T15:18:54","date_gmt":"2014-09-07T13:18:54","guid":{"rendered":"http:\/\/www.planete-sciences.org\/midi-pyrenees\/web\/?p=80685"},"modified":"2024-01-28T18:21:04","modified_gmt":"2024-01-28T17:21:04","slug":"retour-sur-le-ciel-dete","status":"publish","type":"post","link":"https:\/\/www.planete-sciences.org\/occitanie\/web\/retour-sur-le-ciel-dete\/","title":{"rendered":"Retour sur le ciel d&rsquo;\u00e9t\u00e9"},"content":{"rendered":"<p>L&rsquo;astronomie fut largement \u00e0 l&rsquo;honneur cet \u00e9t\u00e9 \u00e0 Plan\u00e8te Sciences ! Voici un aper\u00e7u des \u00e9v\u00e8nements astronomiques de notre association de ces deux derniers mois :<\/p>\n<h3>Nocturnes \u00e0 la Cit\u00e9 de l&rsquo;Espace &#8211; Juillet\/Ao\u00fbt<\/h3>\n<p>Tous les jeudi soir de cet \u00e9t\u00e9, Toulouse avait rendez-vous avec le ciel au travers d&rsquo;animations co-organis\u00e9es entre la Cit\u00e9 de l&rsquo;Espace, le collectif d&rsquo;associations Ramip et Plan\u00e8te Sciences.<\/p>\n<p>Pr\u00e8s de 2000 personnes ont pu dans ce cadre observer entre autres Mars et Saturne\u00a0 faisant un bal estival autour de la Lune ! Ce fut m\u00eame l&rsquo;occasion de d\u00e9couvrir, avant le couch\u00e9 du Soleil, l&rsquo;avion d&rsquo;Antoine de Saint-Exup\u00e9ry en plein vol \u00e0 l&rsquo;occasion des 70 ans de sa disparition :<\/p>\n<p><a href=\"https:\/\/www.planete-sciences.org\/occitanie\/web\/wp-content\/uploads\/2014\/09\/IMG_1389.jpg\"><img fetchpriority=\"high\" decoding=\"async\" class=\"aligncenter wp-image-81104 size-large\" src=\"https:\/\/www.planete-sciences.org\/occitanie\/web\/wp-content\/uploads\/2014\/09\/IMG_1389-1024x768.jpg\" alt=\"AVion de Saint-Exup\u00e9ry au-dessus de la Cit\u00e9 de l'Espace\" width=\"474\" height=\"355\" srcset=\"https:\/\/www.planete-sciences.org\/occitanie\/web\/wp-content\/uploads\/2014\/09\/IMG_1389-1024x768.jpg 1024w, https:\/\/www.planete-sciences.org\/occitanie\/web\/wp-content\/uploads\/2014\/09\/IMG_1389-300x225.jpg 300w, https:\/\/www.planete-sciences.org\/occitanie\/web\/wp-content\/uploads\/2014\/09\/IMG_1389-600x450.jpg 600w\" sizes=\"(max-width: 474px) 100vw, 474px\" \/><\/a><\/p>\n<h3>Mon quartier sous les \u00e9toiles : d&rsquo;Empalot au Pic du Midi &#8211; Ao\u00fbt<\/h3>\n<p>L&rsquo;astronomie s&rsquo;est \u00e9galement invit\u00e9e dans le quartier Toulousain d&rsquo;Empalot o\u00f9 des s\u00e9ances de d\u00e9couvertes du ciel \u00e9taient propos\u00e9es pour le jeune public : D\u00e9couverte du syst\u00e8me solaire, observation du Soleil,\u00a0 observation nocturne.<\/p>\n<p>Un groupe de 6 jeunes sont m\u00eame partis trois jours au Pic du Midi. Malheureusement pour eux, la m\u00e9t\u00e9o n&rsquo;a pas \u00e9t\u00e9 tr\u00e8s cl\u00e9mente et aucune observation n&rsquo;a pu \u00eatre men\u00e9e. Mais ce fut malgr\u00e9 tout une belle d\u00e9couverte de ce site exceptionnel !<\/p>\n<h3>Nuit des \u00e9toiles \u00e0 la Cit\u00e9 de l&rsquo;Espace &#8211; 01 Ao\u00fbt<\/h3>\n<p>Cette soir\u00e9e a permis \u00e0 nos animateurs de partager leur passion \u00e0 plus de 1 200 visiteurs malgr\u00e9 une m\u00e9t\u00e9o catastrophique. Malheureusement, le ciel ne s&rsquo;est jamais d\u00e9gag\u00e9, bien au contraire, mais la nuit fut n\u00e9anmoins tr\u00e8s anim\u00e9e, avec plusieurs salles d\u00e9di\u00e9es : \u00e0 la d\u00e9couverte du syst\u00e8me solaire, des conf\u00e9rences en continue, des \u00e9changes autour de la mission Rosetta et la com\u00e8te <span class=\"st\"> Churyumov Gerasimenko<\/span>, des exp\u00e9riences sur la formation des com\u00e8tes, d\u00e9couverte de l&rsquo;utilisation des t\u00e9lescopes&#8230;<\/p>\n\n<h3>Nuit des \u00e9toiles \u00e0 Ramonville &#8211; 02 Ao\u00fbt<\/h3>\n<p>Dans la foul\u00e9e de la Nuit des Etoiles \u00e0 la Cit\u00e9 de l&rsquo;Espace, une seconde soir\u00e9e, \u00ab\u00a0plus intimes\u00a0\u00bb, \u00e9tait organis\u00e9e sur la place Jean Jaur\u00e8s de Ramonville.<\/p>\n<p>Environ 250 personnes se sont d\u00e9plac\u00e9s\u00a0 et malgr\u00e9 une fin d&rsquo;apr\u00e8s-midi tr\u00e8s orageuse, le ciel s&rsquo;est enfin d\u00e9gag\u00e9e d\u00e8s l&rsquo;apparition de V\u00e9ga, Mars et Saturne ! Les chanceux ont donc pu d\u00e9ambuler jusque tard dans la nuit entre observations au t\u00e9lescope, conf\u00e9rences, exposition et exp\u00e9riences.<\/p>\n<p><a href=\"https:\/\/www.planete-sciences.org\/occitanie\/web\/wp-content\/uploads\/2014\/09\/Nuit-des-etoiles-2014-Planete-Sciences-Ramonville-S.jpg\"><img decoding=\"async\" class=\"aligncenter wp-image-81114 size-full\" src=\"https:\/\/www.planete-sciences.org\/occitanie\/web\/wp-content\/uploads\/2014\/09\/Nuit-des-etoiles-2014-Planete-Sciences-Ramonville-S.jpg\" alt=\"Nuit-des-etoiles-2014-Ramonville\" width=\"1400\" height=\"813\" srcset=\"https:\/\/www.planete-sciences.org\/occitanie\/web\/wp-content\/uploads\/2014\/09\/Nuit-des-etoiles-2014-Planete-Sciences-Ramonville-S.jpg 1400w, https:\/\/www.planete-sciences.org\/occitanie\/web\/wp-content\/uploads\/2014\/09\/Nuit-des-etoiles-2014-Planete-Sciences-Ramonville-S-300x174.jpg 300w, https:\/\/www.planete-sciences.org\/occitanie\/web\/wp-content\/uploads\/2014\/09\/Nuit-des-etoiles-2014-Planete-Sciences-Ramonville-S-1024x594.jpg 1024w, https:\/\/www.planete-sciences.org\/occitanie\/web\/wp-content\/uploads\/2014\/09\/Nuit-des-etoiles-2014-Planete-Sciences-Ramonville-S-600x348.jpg 600w\" sizes=\"(max-width: 1400px) 100vw, 1400px\" \/><\/a>Retrouvez d&rsquo;autres d\u00e9tails sur les \u00e9v\u00e8nements de cet \u00e9t\u00e9\u00a0 autour de l&rsquo;astronomie sur le blog <a title=\"Article Un autre regard sur la Terre\" href=\"http:\/\/regard-sur-la-terre.over-blog.com\/article-toulouse-ramonville-saint-agne-fleurance-molines-en-queyras-partout-en-france-l-ete-dans-les-e-124298421.html\" target=\"_blank\" rel=\"noopener\">Un autre Regard sur la Terre<\/a>. <\/p>\n","protected":false},"excerpt":{"rendered":"<p>L&rsquo;astronomie fut largement \u00e0 l&rsquo;honneur cet \u00e9t\u00e9 \u00e0 Plan\u00e8te Sciences ! Voici un aper\u00e7u des \u00e9v\u00e8nements astronomiques de notre association de ces deux derniers mois : Nocturnes \u00e0 la Cit\u00e9 de l&rsquo;Espace &#8211; Juillet\/Ao\u00fbt Tous les jeudi soir de cet \u00e9t\u00e9, Toulouse avait rendez-vous avec le ciel au travers d&rsquo;animations co-organis\u00e9es entre la Cit\u00e9 de [&hellip;]<\/p>\n","protected":false},"author":5,"featured_media":81113,"comment_status":"closed","ping_status":"open","sticky":false,"template":"","format":"standard","meta":{"ocean_post_layout":"","ocean_both_sidebars_style":"","ocean_both_sidebars_content_width":0,"ocean_both_sidebars_sidebars_width":0,"ocean_sidebar":"","ocean_second_sidebar":"","ocean_disable_margins":"enable","ocean_add_body_class":"","ocean_shortcode_before_top_bar":"","ocean_shortcode_after_top_bar":"","ocean_shortcode_before_header":"","ocean_shortcode_after_header":"","ocean_has_shortcode":"","ocean_shortcode_after_title":"","ocean_shortcode_before_footer_widgets":"","ocean_shortcode_after_footer_widgets":"","ocean_shortcode_before_footer_bottom":"","ocean_shortcode_after_footer_bottom":"","ocean_display_top_bar":"default","ocean_display_header":"default","ocean_header_style":"","ocean_center_header_left_menu":"","ocean_custom_header_template":"","ocean_custom_logo":0,"ocean_custom_retina_logo":0,"ocean_custom_logo_max_width":0,"ocean_custom_logo_tablet_max_width":0,"ocean_custom_logo_mobile_max_width":0,"ocean_custom_logo_max_height":0,"ocean_custom_logo_tablet_max_height":0,"ocean_custom_logo_mobile_max_height":0,"ocean_header_custom_menu":"","ocean_menu_typo_font_family":"","ocean_menu_typo_font_subset":"","ocean_menu_typo_font_size":0,"ocean_menu_typo_font_size_tablet":0,"ocean_menu_typo_font_size_mobile":0,"ocean_menu_typo_font_size_unit":"px","ocean_menu_typo_font_weight":"","ocean_menu_typo_font_weight_tablet":"","ocean_menu_typo_font_weight_mobile":"","ocean_menu_typo_transform":"","ocean_menu_typo_transform_tablet":"","ocean_menu_typo_transform_mobile":"","ocean_menu_typo_line_height":0,"ocean_menu_typo_line_height_tablet":0,"ocean_menu_typo_line_height_mobile":0,"ocean_menu_typo_line_height_unit":"","ocean_menu_typo_spacing":0,"ocean_menu_typo_spacing_tablet":0,"ocean_menu_typo_spacing_mobile":0,"ocean_menu_typo_spacing_unit":"","ocean_menu_link_color":"","ocean_menu_link_color_hover":"","ocean_menu_link_color_active":"","ocean_menu_link_background":"","ocean_menu_link_hover_background":"","ocean_menu_link_active_background":"","ocean_menu_social_links_bg":"","ocean_menu_social_hover_links_bg":"","ocean_menu_social_links_color":"","ocean_menu_social_hover_links_color":"","ocean_disable_title":"default","ocean_disable_heading":"default","ocean_post_title":"","ocean_post_subheading":"","ocean_post_title_style":"","ocean_post_title_background_color":"","ocean_post_title_background":0,"ocean_post_title_bg_image_position":"","ocean_post_title_bg_image_attachment":"","ocean_post_title_bg_image_repeat":"","ocean_post_title_bg_image_size":"","ocean_post_title_height":0,"ocean_post_title_bg_overlay":0.5,"ocean_post_title_bg_overlay_color":"","ocean_disable_breadcrumbs":"default","ocean_breadcrumbs_color":"","ocean_breadcrumbs_separator_color":"","ocean_breadcrumbs_links_color":"","ocean_breadcrumbs_links_hover_color":"","ocean_display_footer_widgets":"default","ocean_display_footer_bottom":"default","ocean_custom_footer_template":"","_vp_format_video_url":"","_vp_image_focal_point":[],"ocean_post_oembed":"","ocean_post_self_hosted_media":"","ocean_post_video_embed":"","ocean_link_format":"","ocean_link_format_target":"self","ocean_quote_format":"","ocean_quote_format_link":"post","ocean_gallery_link_images":"on","ocean_gallery_id":[],"footnotes":""},"categories":[42],"tags":[],"class_list":["post-80685","post","type-post","status-publish","format-standard","has-post-thumbnail","hentry","category-astronomie","entry","has-media"],"_links":{"self":[{"href":"https:\/\/www.planete-sciences.org\/occitanie\/web\/wp-json\/wp\/v2\/posts\/80685","targetHints":{"allow":["GET"]}}],"collection":[{"href":"https:\/\/www.planete-sciences.org\/occitanie\/web\/wp-json\/wp\/v2\/posts"}],"about":[{"href":"https:\/\/www.planete-sciences.org\/occitanie\/web\/wp-json\/wp\/v2\/types\/post"}],"author":[{"embeddable":true,"href":"https:\/\/www.planete-sciences.org\/occitanie\/web\/wp-json\/wp\/v2\/users\/5"}],"replies":[{"embeddable":true,"href":"https:\/\/www.planete-sciences.org\/occitanie\/web\/wp-json\/wp\/v2\/comments?post=80685"}],"version-history":[{"count":1,"href":"https:\/\/www.planete-sciences.org\/occitanie\/web\/wp-json\/wp\/v2\/posts\/80685\/revisions"}],"predecessor-version":[{"id":2256862,"href":"https:\/\/www.planete-sciences.org\/occitanie\/web\/wp-json\/wp\/v2\/posts\/80685\/revisions\/2256862"}],"wp:featuredmedia":[{"embeddable":true,"href":"https:\/\/www.planete-sciences.org\/occitanie\/web\/wp-json\/wp\/v2\/media\/81113"}],"wp:attachment":[{"href":"https:\/\/www.planete-sciences.org\/occitanie\/web\/wp-json\/wp\/v2\/media?parent=80685"}],"wp:term":[{"taxonomy":"category","embeddable":true,"href":"https:\/\/www.planete-sciences.org\/occitanie\/web\/wp-json\/wp\/v2\/categories?post=80685"},{"taxonomy":"post_tag","embeddable":true,"href":"https:\/\/www.planete-sciences.org\/occitanie\/web\/wp-json\/wp\/v2\/tags?post=80685"}],"curies":[{"name":"wp","href":"https:\/\/api.w.org\/{rel}","templated":true}]}}