{"id":729905,"date":"2016-09-19T18:38:31","date_gmt":"2016-09-19T16:38:31","guid":{"rendered":"http:\/\/www.planete-sciences.org\/midi-pyrenees\/web\/?p=729905"},"modified":"2024-01-28T16:24:22","modified_gmt":"2024-01-28T15:24:22","slug":"une-programmation-riche-pour-lautomne-2016","status":"publish","type":"post","link":"https:\/\/www.planete-sciences.org\/occitanie\/web\/une-programmation-riche-pour-lautomne-2016\/","title":{"rendered":"Une programmation riche pour l\u2019Automne 2016 !"},"content":{"rendered":"<p>Allez ! On enfile les bottes et le K-Way pour sortir cet automne ! Plan\u00e8te Sciences Midi-Pyr\u00e9n\u00e9es propose \u00e0 ses adh\u00e9rents une programmation riche en activit\u00e9s et \u00e9motions\u00a0!<\/p>\n<p>Nous commen\u00e7ons \u00e0 <u>Montrab\u00e9<\/u> du samedi 17 septembre au vendredi 23 septembre. Dans le cadre du <a href=\"https:\/\/www.planete-sciences.org\/occitanie\/web\/event\/rayonnement-du-quai-des-savoirs-a-montrabe\/\">rayonnement du Quai des savoirs,<\/a> une programmation spatiale y sera propos\u00e9e au grand public et aux \u00e9l\u00e8ves des coll\u00e8ges et \u00e9coles primaires de Montrab\u00e9\u00a0: Fus\u00e9e \u00e0 eau, contes, plan\u00e9tarium, maquette du syst\u00e8me solaire\u2026\u00a0 Il y en a pour tous les \u00e2ges\u00a0!<\/p>\n<p>Puis le Quai des Savoirs rayonnera \u00e9galement \u00e0 <a href=\"https:\/\/www.planete-sciences.org\/occitanie\/web\/event\/rayonnement-du-quai-des-savoirs-a-gagnac-sur-garonne\/\"><u>Gagnac-Sur-Garonne<\/u> <\/a>pour des animations sur les \u00e9nergies renouvelables. Accompagn\u00e9s des Petits D\u00e9brouillards et de D\u00e9lire d\u2019Encre, les b\u00e9n\u00e9ficiaires seront amen\u00e9s \u00e0 d\u00e9couvrir et exp\u00e9rimenter les \u00e9nergies solaires\u00a0! L\u2019occasion de d\u00e9couvrir nos d\u00e9sormais c\u00e9l\u00e8bres K 2016, MC Solaar et autres v\u00e9hicules solaires\u00a0!<\/p>\n<p>En septembre,<a href=\"http:\/\/tourneerobot.blogspot.fr\/\" rel=\"noopener\"> les robots reprennent leur tourn\u00e9e<\/a> des lyc\u00e9es de la r\u00e9gion en partenariat avec Science Animation\u00a0! Nous serons \u00e0 <u>Pamiers<\/u> du lundi 19 septembre au jeudi 29 septembre puis \u00e0 <u>Auch<\/u> du lundi 3 septembre au jeudi 13 septembre\u00a0! <u>La Tourn\u00e9e<\/u><u> des Robots<\/u>, c\u2019est des animations autour de la robotique durant deux semaines au c\u0153ur d&rsquo;un \u00e9tablissement scolaire (un lyc\u00e9e par d\u00e9partement de Midi-Pyr\u00e9n\u00e9es). Les \u00e9l\u00e8ves b\u00e9n\u00e9ficient de\u00a0:<\/p>\n<ul>\n<li>Une <a href=\"http:\/\/tourneerobot.blogspot.fr\/p\/lesposition.html\" rel=\"noopener\">exposition <\/a>interactive<\/li>\n<li>des <a href=\"http:\/\/tourneerobot.blogspot.fr\/search\/label\/Ateliers\" rel=\"noopener\">ateliers<\/a>\u00a0: Educ Sat, Engrenage et Mouvement, Electricit\u00e9, Programmation etc.<\/li>\n<li>une <a href=\"http:\/\/tourneerobot.blogspot.fr\/search\/label\/boite%20%C3%A0%20m%C3%A9tier\" rel=\"noopener\">d\u00e9couverte des m\u00e9tiers<\/a> de la robotique<\/li>\n<li>Des d\u00e9fis programmation<\/li>\n<li>Des <a href=\"http:\/\/tourneerobot.blogspot.fr\/search\/label\/Intervention\" rel=\"noopener\">interventions <\/a>de professionnels et d&rsquo;industriels de la robotique.<\/li>\n<\/ul>\n<p>On continue la programmation avec un \u00e9v\u00e8nement fid\u00e8le du mois de septembre\u00a0:<a href=\"http:\/\/nuitdeschercheurs-france.eu\/PagePrincipale\" rel=\"noopener\"> <u>La nuit europ\u00e9enne des chercheurs<\/u><\/a> qui aura lieu vendredi 30 septembre \u00a0Cet \u00e9v\u00e9nement nocturne donne l\u2019opportunit\u00e9 aux visiteurs de rencontrer en direct des chercheurs de toutes disciplines, au c\u0153ur d\u2019espaces insolites et sc\u00e9nographi\u00e9s. Une soir\u00e9e insolite pour toucher du doigt la recherche en train de se faire via des conf\u00e9rences ou des animations ! Rendez-vous donc au Quai des Savoirs d\u00e8s 18 H\u00a0!<\/p>\n<p>Samedi 1<sup>er<\/sup> Octobre, vous retrouverez l\u2019\u00e9quipe de Plan\u00e8te Sciences pour les <u>50 ans de l\u2019aire de l\u00e2cher des Ballons Stratosph\u00e9riques Ouverts d\u2019Air Sur Adour.<\/u><\/p>\n<p>Le dimanche 2 octobre, Plan\u00e8te Sciences Midi-Pyr\u00e9n\u00e9es se joint \u00e0 l\u2019ensemble des acteurs de la CSTI pour l\u2019op\u00e9ration \u00ab\u00a0<a href=\"http:\/\/www.quaidessavoirs.fr\/agenda#\/event\/265?_k=2tt6bv\" rel=\"noopener\"><u>Un dimanche au bord du lac de la Reynerie<\/u>\u00a0<\/a>\u00bb Ateliers, spectacles, jeux, sports et animations de plein air, rencontres-d\u00e9bats, visites, balades naturalistes ou culturelles seront l\u2019occasion de red\u00e9couvrir un patrimoine naturel, culturel d\u2019hier et d\u2019aujourd\u2019hui, de partager des savoirs et savoir-faire, de questionner, comprendre notre rapport \u00e0 l\u2019environnement urbain ou naturel et aux nouvelles technologies dans un monde hyper connect\u00e9.<\/p>\n<p>Du lundi 10 octobre au dimanche 16 octobre, c\u2019est la traditionnelle <a href=\"http:\/\/www.fetedelascience.fr\/\" rel=\"noopener\">f\u00eate de la science.<\/a> Vous pourrez nous retrouver \u00e0 Ramonville, au Quai des Savoirs, \u00e0 Figeac ou encore \u00e0 Auch\u00a0!<\/p>\n<p>Retrouvez nous \u00e9galement \u00e0 <a href=\"http:\/\/www.deliresdencre.org\/?option=com_content&amp;view=article&amp;id=65&amp;Itemid=27\" rel=\"noopener\">Scientilivre <\/a>les 15 et 16 octobre au Centre de Congr\u00e8s Diagora de Lab\u00e8ge\u00a0! Notre <strong>connaissance de l\u2019histoire<\/strong> est de plus en plus compl\u00e8te. <strong>La science nous permet aujourd\u2019hui\u00a0de lever le voile sur certaines \u00e9nigmes<\/strong>, afin de mieux comprendre notre pass\u00e9, notre pr\u00e9sent, mais\u00a0aussi dans certains cas, d\u2019anticiper notre avenir. De la pal\u00e9ontologie \u00e0 la m\u00e9decine l\u00e9gale en passant par l\u2019anthropologie, l\u2019\u00e9gyptologie et l\u2019\u00e9tude des\u00a0oeuvres d\u2019arts, <strong>Scientilivre \u00e9clairera cette ann\u00e9e les dessous de l\u2019histoire<\/strong> en s\u2019appuyant\u00a0sur de grands scientifiques qui consacrent leur vie \u00e0 ces myst\u00e8res.<\/p>\n<p>Puis, en octobre, le Quai des Savoirs rayonnera avec les m\u00e9diateurs de Plan\u00e8te Sciences \u00e0 Cugnaux et \u00e0 Saint Orens pour une programmation robotique\u00a0!<\/p>\n<p>Nous terminerons cet automne en novembre, o\u00f9 vous retrouverez \u00e9galement l\u2019\u00e9quipe de Plan\u00e8te Sciences Midi-Pyr\u00e9n\u00e9es, pour le rayonnement du Quai des Savoirs \u00e0 Saint-Jean sur les \u00e9nergies.<\/p>\n<p><strong><u>Pour plus d\u2019information sur ces \u00e9v\u00e8nements, toute l\u2019\u00e9quipe de Plan\u00e8te Sciences se tient \u00e0 votre disposition\u00a0!<\/u><\/strong> <\/p>\n","protected":false},"excerpt":{"rendered":"<p>Allez ! On enfile les bottes et le K-Way pour sortir cet automne ! Plan\u00e8te Sciences Midi-Pyr\u00e9n\u00e9es propose \u00e0 ses adh\u00e9rents une programmation riche en activit\u00e9s et \u00e9motions\u00a0! Nous commen\u00e7ons \u00e0 Montrab\u00e9 du samedi 17 septembre au vendredi 23 septembre. Dans le cadre du rayonnement du Quai des savoirs, une programmation spatiale y sera propos\u00e9e [&hellip;]<\/p>\n","protected":false},"author":13,"featured_media":0,"comment_status":"closed","ping_status":"open","sticky":false,"template":"","format":"gallery","meta":{"ocean_post_layout":"","ocean_both_sidebars_style":"","ocean_both_sidebars_content_width":0,"ocean_both_sidebars_sidebars_width":0,"ocean_sidebar":"","ocean_second_sidebar":"","ocean_disable_margins":"enable","ocean_add_body_class":"","ocean_shortcode_before_top_bar":"","ocean_shortcode_after_top_bar":"","ocean_shortcode_before_header":"","ocean_shortcode_after_header":"","ocean_has_shortcode":"","ocean_shortcode_after_title":"","ocean_shortcode_before_footer_widgets":"","ocean_shortcode_after_footer_widgets":"","ocean_shortcode_before_footer_bottom":"","ocean_shortcode_after_footer_bottom":"","ocean_display_top_bar":"default","ocean_display_header":"default","ocean_header_style":"","ocean_center_header_left_menu":"","ocean_custom_header_template":"","ocean_custom_logo":0,"ocean_custom_retina_logo":0,"ocean_custom_logo_max_width":0,"ocean_custom_logo_tablet_max_width":0,"ocean_custom_logo_mobile_max_width":0,"ocean_custom_logo_max_height":0,"ocean_custom_logo_tablet_max_height":0,"ocean_custom_logo_mobile_max_height":0,"ocean_header_custom_menu":"","ocean_menu_typo_font_family":"","ocean_menu_typo_font_subset":"","ocean_menu_typo_font_size":0,"ocean_menu_typo_font_size_tablet":0,"ocean_menu_typo_font_size_mobile":0,"ocean_menu_typo_font_size_unit":"px","ocean_menu_typo_font_weight":"","ocean_menu_typo_font_weight_tablet":"","ocean_menu_typo_font_weight_mobile":"","ocean_menu_typo_transform":"","ocean_menu_typo_transform_tablet":"","ocean_menu_typo_transform_mobile":"","ocean_menu_typo_line_height":0,"ocean_menu_typo_line_height_tablet":0,"ocean_menu_typo_line_height_mobile":0,"ocean_menu_typo_line_height_unit":"","ocean_menu_typo_spacing":0,"ocean_menu_typo_spacing_tablet":0,"ocean_menu_typo_spacing_mobile":0,"ocean_menu_typo_spacing_unit":"","ocean_menu_link_color":"","ocean_menu_link_color_hover":"","ocean_menu_link_color_active":"","ocean_menu_link_background":"","ocean_menu_link_hover_background":"","ocean_menu_link_active_background":"","ocean_menu_social_links_bg":"","ocean_menu_social_hover_links_bg":"","ocean_menu_social_links_color":"","ocean_menu_social_hover_links_color":"","ocean_disable_title":"default","ocean_disable_heading":"default","ocean_post_title":"","ocean_post_subheading":"","ocean_post_title_style":"","ocean_post_title_background_color":"","ocean_post_title_background":0,"ocean_post_title_bg_image_position":"","ocean_post_title_bg_image_attachment":"","ocean_post_title_bg_image_repeat":"","ocean_post_title_bg_image_size":"","ocean_post_title_height":0,"ocean_post_title_bg_overlay":0.5,"ocean_post_title_bg_overlay_color":"","ocean_disable_breadcrumbs":"default","ocean_breadcrumbs_color":"","ocean_breadcrumbs_separator_color":"","ocean_breadcrumbs_links_color":"","ocean_breadcrumbs_links_hover_color":"","ocean_display_footer_widgets":"default","ocean_display_footer_bottom":"default","ocean_custom_footer_template":"","_vp_format_video_url":"","_vp_image_focal_point":[],"ocean_post_oembed":"","ocean_post_self_hosted_media":"","ocean_post_video_embed":"","ocean_link_format":"","ocean_link_format_target":"self","ocean_quote_format":"","ocean_quote_format_link":"post","ocean_gallery_link_images":"on","ocean_gallery_id":[],"footnotes":""},"categories":[11],"tags":[],"class_list":["post-729905","post","type-post","status-publish","format-gallery","hentry","category-planete-sciences","post_format-post-format-gallery","entry"],"_links":{"self":[{"href":"https:\/\/www.planete-sciences.org\/occitanie\/web\/wp-json\/wp\/v2\/posts\/729905","targetHints":{"allow":["GET"]}}],"collection":[{"href":"https:\/\/www.planete-sciences.org\/occitanie\/web\/wp-json\/wp\/v2\/posts"}],"about":[{"href":"https:\/\/www.planete-sciences.org\/occitanie\/web\/wp-json\/wp\/v2\/types\/post"}],"author":[{"embeddable":true,"href":"https:\/\/www.planete-sciences.org\/occitanie\/web\/wp-json\/wp\/v2\/users\/13"}],"replies":[{"embeddable":true,"href":"https:\/\/www.planete-sciences.org\/occitanie\/web\/wp-json\/wp\/v2\/comments?post=729905"}],"version-history":[{"count":1,"href":"https:\/\/www.planete-sciences.org\/occitanie\/web\/wp-json\/wp\/v2\/posts\/729905\/revisions"}],"predecessor-version":[{"id":2256814,"href":"https:\/\/www.planete-sciences.org\/occitanie\/web\/wp-json\/wp\/v2\/posts\/729905\/revisions\/2256814"}],"wp:attachment":[{"href":"https:\/\/www.planete-sciences.org\/occitanie\/web\/wp-json\/wp\/v2\/media?parent=729905"}],"wp:term":[{"taxonomy":"category","embeddable":true,"href":"https:\/\/www.planete-sciences.org\/occitanie\/web\/wp-json\/wp\/v2\/categories?post=729905"},{"taxonomy":"post_tag","embeddable":true,"href":"https:\/\/www.planete-sciences.org\/occitanie\/web\/wp-json\/wp\/v2\/tags?post=729905"}],"curies":[{"name":"wp","href":"https:\/\/api.w.org\/{rel}","templated":true}]}}