{"id":641102,"date":"2016-06-03T16:46:30","date_gmt":"2016-06-03T14:46:30","guid":{"rendered":"http:\/\/www.planete-sciences.org\/midi-pyrenees\/web\/?p=641102"},"modified":"2024-01-28T16:19:33","modified_gmt":"2024-01-28T15:19:33","slug":"une-journee-tres-spatiale-pour-les-eleves-de-lecole-de-madiran","status":"publish","type":"post","link":"https:\/\/www.planete-sciences.org\/occitanie\/web\/une-journee-tres-spatiale-pour-les-eleves-de-lecole-de-madiran\/","title":{"rendered":"Une journ\u00e9e tr\u00e8s spatiale pour les \u00e9l\u00e8ves de l\u2019\u00e9cole de Madiran"},"content":{"rendered":"<p>S\u2019il y a une journ\u00e9e dont les \u00e9l\u00e8ves de l\u2019\u00e9cole de Madiran (65) se souviendront, c\u2019est bien celle du jeudi 02 juin dernier.<\/p>\n<p>Cette journ\u00e9e fut en effet tr\u00e8s spatiale pour eux.<\/p>\n<p>Les jeunes ing\u00e9nieurs ont travaill\u00e9 toute l\u2019ann\u00e9e sur leur projet d\u2019\u00e9tude de l\u2019atmosph\u00e8re qui rentre dans le cadre de l\u2019op\u00e9ration <a href=\"http:\/\/www.planete-sciences.org\/espace\/Activites\/UBPE\/\">Un Ballon Pour l\u2019Ecole<\/a> du <a href=\"https:\/\/jeunes.cnes.fr\/\" rel=\"noopener\">Centre National d\u2019\u00c9tudes Spatiales<\/a> en partenariat avec Plan\u00e8te Sciences.<\/p>\n<p><img fetchpriority=\"high\" decoding=\"async\" class=\"aligncenter size-large wp-image-641141\" src=\"https:\/\/www.planete-sciences.org\/occitanie\/web\/wp-content\/uploads\/2016\/06\/Spatiobus-a-l-ecole-de-Madiran-26-1024x768.jpg\" alt=\"La nacelle sur le point de prendre son envol\" width=\"474\" height=\"356\" srcset=\"https:\/\/www.planete-sciences.org\/occitanie\/web\/wp-content\/uploads\/2016\/06\/Spatiobus-a-l-ecole-de-Madiran-26-1024x768.jpg 1024w, https:\/\/www.planete-sciences.org\/occitanie\/web\/wp-content\/uploads\/2016\/06\/Spatiobus-a-l-ecole-de-Madiran-26-300x225.jpg 300w, https:\/\/www.planete-sciences.org\/occitanie\/web\/wp-content\/uploads\/2016\/06\/Spatiobus-a-l-ecole-de-Madiran-26-768x576.jpg 768w, https:\/\/www.planete-sciences.org\/occitanie\/web\/wp-content\/uploads\/2016\/06\/Spatiobus-a-l-ecole-de-Madiran-26-600x450.jpg 600w\" sizes=\"(max-width: 474px) 100vw, 474px\" \/><\/p>\n<p>Apr\u00e8s des mois de travail, le moment tant attendu est arriv\u00e9, avec notamment la venue du <a href=\"http:\/\/www.spatiobus-cnes.com\/\" rel=\"noopener\">Spatiobus<\/a> dans l\u2019\u00e9cole accompagn\u00e9 de plusieurs b\u00e9n\u00e9voles de Plan\u00e8te Sciences Midi-Pyr\u00e9n\u00e9es.<\/p>\n<p><img decoding=\"async\" class=\"aligncenter size-large wp-image-641142\" src=\"https:\/\/www.planete-sciences.org\/occitanie\/web\/wp-content\/uploads\/2016\/06\/Spatiobus-a-l-ecole-de-Madiran-22-768x1024.jpg\" alt=\"...3 2 1 C'est parti !\" width=\"474\" height=\"632\" srcset=\"https:\/\/www.planete-sciences.org\/occitanie\/web\/wp-content\/uploads\/2016\/06\/Spatiobus-a-l-ecole-de-Madiran-22-768x1024.jpg 768w, https:\/\/www.planete-sciences.org\/occitanie\/web\/wp-content\/uploads\/2016\/06\/Spatiobus-a-l-ecole-de-Madiran-22-225x300.jpg 225w, https:\/\/www.planete-sciences.org\/occitanie\/web\/wp-content\/uploads\/2016\/06\/Spatiobus-a-l-ecole-de-Madiran-22-600x800.jpg 600w\" sizes=\"(max-width: 474px) 100vw, 474px\" \/><\/p>\n<p>Le l\u00e2cher du ballon stratosph\u00e9rique a \u00e9t\u00e9 effectu\u00e9 entre 11h30 et 12h depuis la cour devant les parents, les journalistes, les \u00a0\u00e9l\u00e8ves de l\u2019\u00e9cole de Madiran et ceux de l\u2019\u00e9cole de Soublecause venus pour l\u2019occasion. La nacelle comprenait la mesure de la temp\u00e9rature, de la luminosit\u00e9\u2026 sans oublier des prises d\u2019images.<\/p>\n<p><img decoding=\"async\" class=\"aligncenter size-large wp-image-641143\" src=\"https:\/\/www.planete-sciences.org\/occitanie\/web\/wp-content\/uploads\/2016\/06\/14_33_03-1024x768.jpg\" alt=\"vue depuis la nacelle\" width=\"474\" height=\"356\" srcset=\"https:\/\/www.planete-sciences.org\/occitanie\/web\/wp-content\/uploads\/2016\/06\/14_33_03-1024x768.jpg 1024w, https:\/\/www.planete-sciences.org\/occitanie\/web\/wp-content\/uploads\/2016\/06\/14_33_03-300x225.jpg 300w, https:\/\/www.planete-sciences.org\/occitanie\/web\/wp-content\/uploads\/2016\/06\/14_33_03-768x576.jpg 768w, https:\/\/www.planete-sciences.org\/occitanie\/web\/wp-content\/uploads\/2016\/06\/14_33_03-600x450.jpg 600w\" sizes=\"(max-width: 474px) 100vw, 474px\" \/><\/p>\n<p><img loading=\"lazy\" decoding=\"async\" class=\"aligncenter size-large wp-image-641144\" src=\"https:\/\/www.planete-sciences.org\/occitanie\/web\/wp-content\/uploads\/2016\/06\/13_47_11-1024x768.jpg\" alt=\"vue depuis la nacelle\" width=\"474\" height=\"356\" srcset=\"https:\/\/www.planete-sciences.org\/occitanie\/web\/wp-content\/uploads\/2016\/06\/13_47_11-1024x768.jpg 1024w, https:\/\/www.planete-sciences.org\/occitanie\/web\/wp-content\/uploads\/2016\/06\/13_47_11-300x225.jpg 300w, https:\/\/www.planete-sciences.org\/occitanie\/web\/wp-content\/uploads\/2016\/06\/13_47_11-768x576.jpg 768w, https:\/\/www.planete-sciences.org\/occitanie\/web\/wp-content\/uploads\/2016\/06\/13_47_11-600x450.jpg 600w\" sizes=\"(max-width: 474px) 100vw, 474px\" \/><\/p>\n<p>Le vol a dur\u00e9 environ 3h, et pendant ce temps, les donn\u00e9es \u00e9taient retransmises en direct au Spatiobus. une \u00e9quipe de radioamateurs \u00e9taient \u00e0 sa poursuite pour le retour sur Terre, et les \u00e9l\u00e8ves participaient \u00e0 des ateliers d\u2019animation, avec l\u2019intervenant du Spatiobus, autour de l\u2019exploration plan\u00e9taire et des moyens permettant d\u2019acc\u00e9der \u00e0 l\u2019espace comme les fus\u00e9es.<\/p>\n<p><img loading=\"lazy\" decoding=\"async\" class=\"aligncenter size-large wp-image-641146\" src=\"https:\/\/www.planete-sciences.org\/occitanie\/web\/wp-content\/uploads\/2016\/06\/Spatiobus-a-l-ecole-de-Madiran-17-1024x768.jpg\" alt=\"\" width=\"474\" height=\"356\" srcset=\"https:\/\/www.planete-sciences.org\/occitanie\/web\/wp-content\/uploads\/2016\/06\/Spatiobus-a-l-ecole-de-Madiran-17-1024x768.jpg 1024w, https:\/\/www.planete-sciences.org\/occitanie\/web\/wp-content\/uploads\/2016\/06\/Spatiobus-a-l-ecole-de-Madiran-17-300x225.jpg 300w, https:\/\/www.planete-sciences.org\/occitanie\/web\/wp-content\/uploads\/2016\/06\/Spatiobus-a-l-ecole-de-Madiran-17-768x576.jpg 768w, https:\/\/www.planete-sciences.org\/occitanie\/web\/wp-content\/uploads\/2016\/06\/Spatiobus-a-l-ecole-de-Madiran-17-600x450.jpg 600w\" sizes=\"(max-width: 474px) 100vw, 474px\" \/><\/p>\n<p><img loading=\"lazy\" decoding=\"async\" class=\"aligncenter size-large wp-image-641145\" src=\"https:\/\/www.planete-sciences.org\/occitanie\/web\/wp-content\/uploads\/2016\/06\/Spatiobus-a-l-ecole-de-Madiran-15-1024x768.jpg\" alt=\"Transmission des donn\u00e9es \u00e0 distance de la nacelle au Spatiobus (T\u00e9l\u00e9mesure)\" width=\"474\" height=\"356\" srcset=\"https:\/\/www.planete-sciences.org\/occitanie\/web\/wp-content\/uploads\/2016\/06\/Spatiobus-a-l-ecole-de-Madiran-15-1024x768.jpg 1024w, https:\/\/www.planete-sciences.org\/occitanie\/web\/wp-content\/uploads\/2016\/06\/Spatiobus-a-l-ecole-de-Madiran-15-300x225.jpg 300w, https:\/\/www.planete-sciences.org\/occitanie\/web\/wp-content\/uploads\/2016\/06\/Spatiobus-a-l-ecole-de-Madiran-15-768x576.jpg 768w, https:\/\/www.planete-sciences.org\/occitanie\/web\/wp-content\/uploads\/2016\/06\/Spatiobus-a-l-ecole-de-Madiran-15-600x450.jpg 600w\" sizes=\"(max-width: 474px) 100vw, 474px\" \/><\/p>\n<p>C\u2019est avec une grande joie que les jeunes ont lanc\u00e9 les fus\u00e9es qu\u2019ils avaient fabriqu\u00e9es, juste avant que Sylvain Rondy, animateur sciences Education Nationale et son p\u00e8re Andr\u00e9, qui ont m\u00eame r\u00e9ussi \u00e0 filmer l\u2019atterrissage, \u00a0reviennent leur remettre leur nacelle en main propre, permettant ainsi de voir les premi\u00e8res images du vol\u00a0!<\/p>\n<p><img loading=\"lazy\" decoding=\"async\" class=\"aligncenter size-large wp-image-641140\" src=\"https:\/\/www.planete-sciences.org\/occitanie\/web\/wp-content\/uploads\/2016\/06\/descente-Ballon-Madiran-1024x957.jpg\" alt=\"descente Ballon Madiran\" width=\"474\" height=\"443\" srcset=\"https:\/\/www.planete-sciences.org\/occitanie\/web\/wp-content\/uploads\/2016\/06\/descente-Ballon-Madiran-1024x957.jpg 1024w, https:\/\/www.planete-sciences.org\/occitanie\/web\/wp-content\/uploads\/2016\/06\/descente-Ballon-Madiran-300x280.jpg 300w, https:\/\/www.planete-sciences.org\/occitanie\/web\/wp-content\/uploads\/2016\/06\/descente-Ballon-Madiran-768x718.jpg 768w, https:\/\/www.planete-sciences.org\/occitanie\/web\/wp-content\/uploads\/2016\/06\/descente-Ballon-Madiran-600x561.jpg 600w, https:\/\/www.planete-sciences.org\/occitanie\/web\/wp-content\/uploads\/2016\/06\/descente-Ballon-Madiran.jpg 1648w\" sizes=\"(max-width: 474px) 100vw, 474px\" \/><\/p>\n<p style=\"text-align: left;\">Un grand BRAVO et un grand MERCI \u00e0 toutes les personnes impliqu\u00e9es lors de cette journ\u00e9e, et surtout BRAVO \u00e0 tous les \u00e9l\u00e8ves pour leur projet.<\/p>\n<p style=\"text-align: left;\">Ce fut une superbe op\u00e9ration\u00a0!<\/p>\n","protected":false},"excerpt":{"rendered":"<p>S\u2019il y a une journ\u00e9e dont les \u00e9l\u00e8ves de l\u2019\u00e9cole de Madiran (65) se souviendront, c\u2019est bien celle du jeudi 02 juin dernier. Cette journ\u00e9e fut en effet tr\u00e8s spatiale pour eux. Les jeunes ing\u00e9nieurs ont travaill\u00e9 toute l\u2019ann\u00e9e sur leur projet d\u2019\u00e9tude de l\u2019atmosph\u00e8re qui rentre dans le cadre de l\u2019op\u00e9ration Un Ballon Pour [&hellip;]<\/p>\n","protected":false},"author":13,"featured_media":0,"comment_status":"closed","ping_status":"open","sticky":false,"template":"","format":"gallery","meta":{"ocean_post_layout":"","ocean_both_sidebars_style":"","ocean_both_sidebars_content_width":0,"ocean_both_sidebars_sidebars_width":0,"ocean_sidebar":"","ocean_second_sidebar":"","ocean_disable_margins":"enable","ocean_add_body_class":"","ocean_shortcode_before_top_bar":"","ocean_shortcode_after_top_bar":"","ocean_shortcode_before_header":"","ocean_shortcode_after_header":"","ocean_has_shortcode":"","ocean_shortcode_after_title":"","ocean_shortcode_before_footer_widgets":"","ocean_shortcode_after_footer_widgets":"","ocean_shortcode_before_footer_bottom":"","ocean_shortcode_after_footer_bottom":"","ocean_display_top_bar":"default","ocean_display_header":"default","ocean_header_style":"","ocean_center_header_left_menu":"","ocean_custom_header_template":"","ocean_custom_logo":0,"ocean_custom_retina_logo":0,"ocean_custom_logo_max_width":0,"ocean_custom_logo_tablet_max_width":0,"ocean_custom_logo_mobile_max_width":0,"ocean_custom_logo_max_height":0,"ocean_custom_logo_tablet_max_height":0,"ocean_custom_logo_mobile_max_height":0,"ocean_header_custom_menu":"","ocean_menu_typo_font_family":"","ocean_menu_typo_font_subset":"","ocean_menu_typo_font_size":0,"ocean_menu_typo_font_size_tablet":0,"ocean_menu_typo_font_size_mobile":0,"ocean_menu_typo_font_size_unit":"px","ocean_menu_typo_font_weight":"","ocean_menu_typo_font_weight_tablet":"","ocean_menu_typo_font_weight_mobile":"","ocean_menu_typo_transform":"","ocean_menu_typo_transform_tablet":"","ocean_menu_typo_transform_mobile":"","ocean_menu_typo_line_height":0,"ocean_menu_typo_line_height_tablet":0,"ocean_menu_typo_line_height_mobile":0,"ocean_menu_typo_line_height_unit":"","ocean_menu_typo_spacing":0,"ocean_menu_typo_spacing_tablet":0,"ocean_menu_typo_spacing_mobile":0,"ocean_menu_typo_spacing_unit":"","ocean_menu_link_color":"","ocean_menu_link_color_hover":"","ocean_menu_link_color_active":"","ocean_menu_link_background":"","ocean_menu_link_hover_background":"","ocean_menu_link_active_background":"","ocean_menu_social_links_bg":"","ocean_menu_social_hover_links_bg":"","ocean_menu_social_links_color":"","ocean_menu_social_hover_links_color":"","ocean_disable_title":"default","ocean_disable_heading":"default","ocean_post_title":"","ocean_post_subheading":"","ocean_post_title_style":"","ocean_post_title_background_color":"","ocean_post_title_background":0,"ocean_post_title_bg_image_position":"","ocean_post_title_bg_image_attachment":"","ocean_post_title_bg_image_repeat":"","ocean_post_title_bg_image_size":"","ocean_post_title_height":0,"ocean_post_title_bg_overlay":0.5,"ocean_post_title_bg_overlay_color":"","ocean_disable_breadcrumbs":"default","ocean_breadcrumbs_color":"","ocean_breadcrumbs_separator_color":"","ocean_breadcrumbs_links_color":"","ocean_breadcrumbs_links_hover_color":"","ocean_display_footer_widgets":"default","ocean_display_footer_bottom":"default","ocean_custom_footer_template":"","_vp_format_video_url":"","_vp_image_focal_point":[],"ocean_post_oembed":"","ocean_post_self_hosted_media":"","ocean_post_video_embed":"","ocean_link_format":"","ocean_link_format_target":"self","ocean_quote_format":"","ocean_quote_format_link":"post","ocean_gallery_link_images":"on","ocean_gallery_id":[],"footnotes":""},"categories":[43,58],"tags":[],"class_list":["post-641102","post","type-post","status-publish","format-gallery","hentry","category-espace","category-spatiobus","post_format-post-format-gallery","entry"],"_links":{"self":[{"href":"https:\/\/www.planete-sciences.org\/occitanie\/web\/wp-json\/wp\/v2\/posts\/641102","targetHints":{"allow":["GET"]}}],"collection":[{"href":"https:\/\/www.planete-sciences.org\/occitanie\/web\/wp-json\/wp\/v2\/posts"}],"about":[{"href":"https:\/\/www.planete-sciences.org\/occitanie\/web\/wp-json\/wp\/v2\/types\/post"}],"author":[{"embeddable":true,"href":"https:\/\/www.planete-sciences.org\/occitanie\/web\/wp-json\/wp\/v2\/users\/13"}],"replies":[{"embeddable":true,"href":"https:\/\/www.planete-sciences.org\/occitanie\/web\/wp-json\/wp\/v2\/comments?post=641102"}],"version-history":[{"count":1,"href":"https:\/\/www.planete-sciences.org\/occitanie\/web\/wp-json\/wp\/v2\/posts\/641102\/revisions"}],"predecessor-version":[{"id":2256808,"href":"https:\/\/www.planete-sciences.org\/occitanie\/web\/wp-json\/wp\/v2\/posts\/641102\/revisions\/2256808"}],"wp:attachment":[{"href":"https:\/\/www.planete-sciences.org\/occitanie\/web\/wp-json\/wp\/v2\/media?parent=641102"}],"wp:term":[{"taxonomy":"category","embeddable":true,"href":"https:\/\/www.planete-sciences.org\/occitanie\/web\/wp-json\/wp\/v2\/categories?post=641102"},{"taxonomy":"post_tag","embeddable":true,"href":"https:\/\/www.planete-sciences.org\/occitanie\/web\/wp-json\/wp\/v2\/tags?post=641102"}],"curies":[{"name":"wp","href":"https:\/\/api.w.org\/{rel}","templated":true}]}}