{"id":63827,"date":"2014-05-23T23:04:09","date_gmt":"2014-05-23T21:04:09","guid":{"rendered":"http:\/\/www.planete-sciences.org\/midi-pyrenees\/web\/?p=63827"},"modified":"2024-01-28T18:29:42","modified_gmt":"2024-01-28T17:29:42","slug":"la-10eme-edition-des-defis-solaires-midi-pyrenees","status":"publish","type":"post","link":"https:\/\/www.planete-sciences.org\/occitanie\/web\/la-10eme-edition-des-defis-solaires-midi-pyrenees\/","title":{"rendered":"La 10\u00e8me \u00e9dition des D\u00e9fis Solaires Midi-Pyr\u00e9n\u00e9es"},"content":{"rendered":"<p>Des dizaines de v\u00e9hicules d\u2019\u00e9l\u00e8ves et de passionn\u00e9s sont attendus du 23 au 25 mai \u00e0 la Cit\u00e9 de l\u2019Espace. Cette ann\u00e9e s\u2019annonce festive afin de c\u00e9l\u00e9brer les 10 ans des D\u00e9fis Solaires et les 20 ans de Plan\u00e8te Sciences Midi-Pyr\u00e9n\u00e9es.<\/p>\n<p><a href=\"https:\/\/www.planete-sciences.org\/occitanie\/web\/wp-content\/uploads\/2014\/04\/Defis_solaires.png\"><img decoding=\"async\" class=\"alignnone size-full wp-image-54013\" src=\"https:\/\/www.planete-sciences.org\/occitanie\/web\/wp-content\/uploads\/2014\/04\/Defis_solaires.png\" alt=\"Defis_solaires\" width=\"266\" height=\"176\" \/><\/a><\/p>\n<p>Au programme : courses de pilotage, \u00e9preuves d\u2019endurance, animations et la grande finale nationale des D\u00e9fis Solaires pour terminer en beaut\u00e9\u00a0!<\/p>\n<p><strong>Pas seulement une course\u00a0: un projet humain <\/strong><\/p>\n<p><a href=\"https:\/\/www.planete-sciences.org\/occitanie\/web\/wp-content\/uploads\/2014\/05\/courses2008-1.jpg\"><img fetchpriority=\"high\" decoding=\"async\" class=\"alignnone size-medium wp-image-63828\" src=\"https:\/\/www.planete-sciences.org\/occitanie\/web\/wp-content\/uploads\/2014\/05\/courses2008-1-300x200.jpg\" alt=\"courses2008-1\" width=\"300\" height=\"200\" srcset=\"https:\/\/www.planete-sciences.org\/occitanie\/web\/wp-content\/uploads\/2014\/05\/courses2008-1-300x200.jpg 300w, https:\/\/www.planete-sciences.org\/occitanie\/web\/wp-content\/uploads\/2014\/05\/courses2008-1-1024x682.jpg 1024w, https:\/\/www.planete-sciences.org\/occitanie\/web\/wp-content\/uploads\/2014\/05\/courses2008-1-600x400.jpg 600w\" sizes=\"(max-width: 300px) 100vw, 300px\" \/><\/a> <a href=\"https:\/\/www.planete-sciences.org\/occitanie\/web\/wp-content\/uploads\/2014\/05\/courses2008-3_compress\u00e9e.jpg\"><img decoding=\"async\" class=\"alignnone size-medium wp-image-63829\" src=\"https:\/\/www.planete-sciences.org\/occitanie\/web\/wp-content\/uploads\/2014\/05\/courses2008-3_compress\u00e9e-300x200.jpg\" alt=\"courses2008-3_compress\u00e9e\" width=\"300\" height=\"200\" srcset=\"https:\/\/www.planete-sciences.org\/occitanie\/web\/wp-content\/uploads\/2014\/05\/courses2008-3_compress\u00e9e-300x200.jpg 300w, https:\/\/www.planete-sciences.org\/occitanie\/web\/wp-content\/uploads\/2014\/05\/courses2008-3_compress\u00e9e-600x400.jpg 600w, https:\/\/www.planete-sciences.org\/occitanie\/web\/wp-content\/uploads\/2014\/05\/courses2008-3_compress\u00e9e.jpg 1024w\" sizes=\"(max-width: 300px) 100vw, 300px\" \/><\/a><\/p>\n<p>Les D\u00e9fis Solaires sont l\u2019occasion de conclure toute une ann\u00e9e de travail scolaire. Pr\u00e8s de 1500 jeunes font preuve de dext\u00e9rit\u00e9 pour relever des d\u00e9fis de vitesse, d\u2019endurance et de slalom.<\/p>\n<p><strong>Un \u00e9v\u00e9nement tourn\u00e9 vers un public famille<\/strong><\/p>\n<p><a href=\"https:\/\/www.planete-sciences.org\/occitanie\/web\/wp-content\/uploads\/2014\/05\/Tract_d\u00e9fis_solairesV4-1.jpg\"><img loading=\"lazy\" decoding=\"async\" class=\"alignnone size-medium wp-image-63832\" src=\"https:\/\/www.planete-sciences.org\/occitanie\/web\/wp-content\/uploads\/2014\/05\/Tract_d\u00e9fis_solairesV4-1-212x300.jpg\" alt=\"Tract_d\u00e9fis_solairesV4-1\" width=\"212\" height=\"300\" srcset=\"https:\/\/www.planete-sciences.org\/occitanie\/web\/wp-content\/uploads\/2014\/05\/Tract_d\u00e9fis_solairesV4-1-212x300.jpg 212w, https:\/\/www.planete-sciences.org\/occitanie\/web\/wp-content\/uploads\/2014\/05\/Tract_d\u00e9fis_solairesV4-1.jpg 585w\" sizes=\"(max-width: 212px) 100vw, 212px\" \/><\/a><a href=\"https:\/\/www.planete-sciences.org\/occitanie\/web\/wp-content\/uploads\/2014\/05\/Tract_d\u00e9fis_solairesV4-2.jpg\"><img loading=\"lazy\" decoding=\"async\" class=\"alignnone size-medium wp-image-63833\" src=\"https:\/\/www.planete-sciences.org\/occitanie\/web\/wp-content\/uploads\/2014\/05\/Tract_d\u00e9fis_solairesV4-2-212x300.jpg\" alt=\"Tract_d\u00e9fis_solairesV4-2\" width=\"212\" height=\"300\" srcset=\"https:\/\/www.planete-sciences.org\/occitanie\/web\/wp-content\/uploads\/2014\/05\/Tract_d\u00e9fis_solairesV4-2-212x300.jpg 212w, https:\/\/www.planete-sciences.org\/occitanie\/web\/wp-content\/uploads\/2014\/05\/Tract_d\u00e9fis_solairesV4-2.jpg 585w\" sizes=\"(max-width: 212px) 100vw, 212px\" \/><\/a><\/p>\n<p>Rencontrer, \u00e9changer, pratiquer, sont les trois grands axes du village solaire. Plusieurs domaines y seront repr\u00e9sent\u00e9s\u00a0: la sant\u00e9, les innovations, les formations professionnelles, les installateurs et bureaux d\u2019\u00e9tudes, les structures de conseils sur la consommation en \u00e9nergie solaire, les initiatives et autres projets de sensibilisation \u00e0 l\u2019utilisation des \u00e9nergies renouvelables.<\/p>\n<p><a href=\"https:\/\/www.planete-sciences.org\/occitanie\/web\/wp-content\/uploads\/2014\/05\/defis.png\"><img loading=\"lazy\" decoding=\"async\" class=\"alignnone size-medium wp-image-63830\" src=\"https:\/\/www.planete-sciences.org\/occitanie\/web\/wp-content\/uploads\/2014\/05\/defis-245x300.png\" alt=\"defis\" width=\"245\" height=\"300\" srcset=\"https:\/\/www.planete-sciences.org\/occitanie\/web\/wp-content\/uploads\/2014\/05\/defis-245x300.png 245w, https:\/\/www.planete-sciences.org\/occitanie\/web\/wp-content\/uploads\/2014\/05\/defis.png 569w\" sizes=\"(max-width: 245px) 100vw, 245px\" \/><\/a><\/p>\n<p>Les plus jeunes se retrouveront autour d\u2019ateliers pratiques et d\u2019animations scientifiques, pendant que les plus grands pourront assister \u00e0 des conf\u00e9rences au c\u0153ur de la Cit\u00e9 de l\u2019Espace autour des grands th\u00e8mes li\u00e9s \u00e0 l\u2019\u00e9nergie solaire.<\/p>\n<p>Sont pr\u00e9vues une conf\u00e9rence avec Jean Marc Satg\u00e9 et Lionel Candille (2 aventuriers \u00e0 v\u00e9lo solaire) de 16h \u00e0 17h30 le samedi 24 et une conf\u00e9rence avec St\u00e9phan Astier (chercheur au CNRS et concepteur de la voiture solaire Solelhada) de 15h \u00e0 16h30 \u00e0 la Salle Alta\u00efr de la Cit\u00e9 de l\u2019Espace.<\/p>\n<p>On vous y attend !<\/p>\n<p>A bient\u00f4t <\/p>\n","protected":false},"excerpt":{"rendered":"<p>Des dizaines de v\u00e9hicules d\u2019\u00e9l\u00e8ves et de passionn\u00e9s sont attendus du 23 au 25 mai \u00e0 la Cit\u00e9 de l\u2019Espace. Cette ann\u00e9e s\u2019annonce festive afin de c\u00e9l\u00e9brer les 10 ans des D\u00e9fis Solaires et les 20 ans de Plan\u00e8te Sciences Midi-Pyr\u00e9n\u00e9es. Au programme : courses de pilotage, \u00e9preuves d\u2019endurance, animations et la grande finale nationale [&hellip;]<\/p>\n","protected":false},"author":19,"featured_media":0,"comment_status":"closed","ping_status":"open","sticky":false,"template":"","format":"standard","meta":{"ocean_post_layout":"","ocean_both_sidebars_style":"","ocean_both_sidebars_content_width":0,"ocean_both_sidebars_sidebars_width":0,"ocean_sidebar":"","ocean_second_sidebar":"","ocean_disable_margins":"enable","ocean_add_body_class":"","ocean_shortcode_before_top_bar":"","ocean_shortcode_after_top_bar":"","ocean_shortcode_before_header":"","ocean_shortcode_after_header":"","ocean_has_shortcode":"","ocean_shortcode_after_title":"","ocean_shortcode_before_footer_widgets":"","ocean_shortcode_after_footer_widgets":"","ocean_shortcode_before_footer_bottom":"","ocean_shortcode_after_footer_bottom":"","ocean_display_top_bar":"default","ocean_display_header":"default","ocean_header_style":"","ocean_center_header_left_menu":"","ocean_custom_header_template":"","ocean_custom_logo":0,"ocean_custom_retina_logo":0,"ocean_custom_logo_max_width":0,"ocean_custom_logo_tablet_max_width":0,"ocean_custom_logo_mobile_max_width":0,"ocean_custom_logo_max_height":0,"ocean_custom_logo_tablet_max_height":0,"ocean_custom_logo_mobile_max_height":0,"ocean_header_custom_menu":"","ocean_menu_typo_font_family":"","ocean_menu_typo_font_subset":"","ocean_menu_typo_font_size":0,"ocean_menu_typo_font_size_tablet":0,"ocean_menu_typo_font_size_mobile":0,"ocean_menu_typo_font_size_unit":"px","ocean_menu_typo_font_weight":"","ocean_menu_typo_font_weight_tablet":"","ocean_menu_typo_font_weight_mobile":"","ocean_menu_typo_transform":"","ocean_menu_typo_transform_tablet":"","ocean_menu_typo_transform_mobile":"","ocean_menu_typo_line_height":0,"ocean_menu_typo_line_height_tablet":0,"ocean_menu_typo_line_height_mobile":0,"ocean_menu_typo_line_height_unit":"","ocean_menu_typo_spacing":0,"ocean_menu_typo_spacing_tablet":0,"ocean_menu_typo_spacing_mobile":0,"ocean_menu_typo_spacing_unit":"","ocean_menu_link_color":"","ocean_menu_link_color_hover":"","ocean_menu_link_color_active":"","ocean_menu_link_background":"","ocean_menu_link_hover_background":"","ocean_menu_link_active_background":"","ocean_menu_social_links_bg":"","ocean_menu_social_hover_links_bg":"","ocean_menu_social_links_color":"","ocean_menu_social_hover_links_color":"","ocean_disable_title":"default","ocean_disable_heading":"default","ocean_post_title":"","ocean_post_subheading":"","ocean_post_title_style":"","ocean_post_title_background_color":"","ocean_post_title_background":0,"ocean_post_title_bg_image_position":"","ocean_post_title_bg_image_attachment":"","ocean_post_title_bg_image_repeat":"","ocean_post_title_bg_image_size":"","ocean_post_title_height":0,"ocean_post_title_bg_overlay":0.5,"ocean_post_title_bg_overlay_color":"","ocean_disable_breadcrumbs":"default","ocean_breadcrumbs_color":"","ocean_breadcrumbs_separator_color":"","ocean_breadcrumbs_links_color":"","ocean_breadcrumbs_links_hover_color":"","ocean_display_footer_widgets":"default","ocean_display_footer_bottom":"default","ocean_custom_footer_template":"","_vp_format_video_url":"","_vp_image_focal_point":[],"ocean_post_oembed":"","ocean_post_self_hosted_media":"","ocean_post_video_embed":"","ocean_link_format":"","ocean_link_format_target":"self","ocean_quote_format":"","ocean_quote_format_link":"post","ocean_gallery_link_images":"on","ocean_gallery_id":[],"footnotes":""},"categories":[10,52],"tags":[],"class_list":["post-63827","post","type-post","status-publish","format-standard","hentry","category-manifestation","category-environnement","entry"],"_links":{"self":[{"href":"https:\/\/www.planete-sciences.org\/occitanie\/web\/wp-json\/wp\/v2\/posts\/63827","targetHints":{"allow":["GET"]}}],"collection":[{"href":"https:\/\/www.planete-sciences.org\/occitanie\/web\/wp-json\/wp\/v2\/posts"}],"about":[{"href":"https:\/\/www.planete-sciences.org\/occitanie\/web\/wp-json\/wp\/v2\/types\/post"}],"author":[{"embeddable":true,"href":"https:\/\/www.planete-sciences.org\/occitanie\/web\/wp-json\/wp\/v2\/users\/19"}],"replies":[{"embeddable":true,"href":"https:\/\/www.planete-sciences.org\/occitanie\/web\/wp-json\/wp\/v2\/comments?post=63827"}],"version-history":[{"count":1,"href":"https:\/\/www.planete-sciences.org\/occitanie\/web\/wp-json\/wp\/v2\/posts\/63827\/revisions"}],"predecessor-version":[{"id":2256874,"href":"https:\/\/www.planete-sciences.org\/occitanie\/web\/wp-json\/wp\/v2\/posts\/63827\/revisions\/2256874"}],"wp:attachment":[{"href":"https:\/\/www.planete-sciences.org\/occitanie\/web\/wp-json\/wp\/v2\/media?parent=63827"}],"wp:term":[{"taxonomy":"category","embeddable":true,"href":"https:\/\/www.planete-sciences.org\/occitanie\/web\/wp-json\/wp\/v2\/categories?post=63827"},{"taxonomy":"post_tag","embeddable":true,"href":"https:\/\/www.planete-sciences.org\/occitanie\/web\/wp-json\/wp\/v2\/tags?post=63827"}],"curies":[{"name":"wp","href":"https:\/\/api.w.org\/{rel}","templated":true}]}}