{"id":631393,"date":"2016-05-24T10:02:54","date_gmt":"2016-05-24T08:02:54","guid":{"rendered":"http:\/\/www.planete-sciences.org\/midi-pyrenees\/web\/?p=631393"},"modified":"2024-01-28T16:18:36","modified_gmt":"2024-01-28T15:18:36","slug":"rencontres-meteo-et-espace-2016","status":"publish","type":"post","link":"https:\/\/www.planete-sciences.org\/occitanie\/web\/rencontres-meteo-et-espace-2016\/","title":{"rendered":"Rencontres M\u00e9t\u00e9o et Espace 2016"},"content":{"rendered":"<p><strong><img decoding=\"async\" class=\" wp-image-626505 alignleft\" src=\"https:\/\/www.planete-sciences.org\/occitanie\/web\/wp-content\/uploads\/2014\/01\/logo_RRMJ-300x285.jpg\" alt=\"logo_RRMJ\" width=\"182\" height=\"173\" srcset=\"https:\/\/www.planete-sciences.org\/occitanie\/web\/wp-content\/uploads\/2014\/01\/logo_RRMJ-300x285.jpg 300w, https:\/\/www.planete-sciences.org\/occitanie\/web\/wp-content\/uploads\/2014\/01\/logo_RRMJ-768x730.jpg 768w, https:\/\/www.planete-sciences.org\/occitanie\/web\/wp-content\/uploads\/2014\/01\/logo_RRMJ-1024x973.jpg 1024w, https:\/\/www.planete-sciences.org\/occitanie\/web\/wp-content\/uploads\/2014\/01\/logo_RRMJ-600x570.jpg 600w, https:\/\/www.planete-sciences.org\/occitanie\/web\/wp-content\/uploads\/2014\/01\/logo_RRMJ.jpg 1672w\" sizes=\"(max-width: 182px) 100vw, 182px\" \/>Les Rencontres M\u00e9t\u00e9o et Espace 2016 se sont d\u00e9roul\u00e9es ce jeudi 19 mai 2016 \u00e0 la M\u00e9t\u00e9opole de Toulouse.\u00a0 Il s\u2019agit d\u2019un \u00e9v\u00e8nement de valorisation de projets scolaires avec de nombreuses animations et temps forts pendant toute la journ\u00e9e. Plus de 200 \u00e9l\u00e8ves s\u00e9lectionn\u00e9s pour la qualit\u00e9 de leur travail y ont particip\u00e9 !<br \/>\n<\/strong><\/p>\n<p>Organis\u00e9es par M\u00e9t\u00e9o-France, le CNES et Plan\u00e8te Sciences Midi-Pyr\u00e9n\u00e9es, en partenariat avec l\u2019Association des Anciens de la M\u00e9t\u00e9o, M\u00e9t\u00e9o et Climat, Infoclimat et l\u2019Acad\u00e9mie de Toulouse, ces rencontres\u00a0 sont l\u2019occasion pour chacune des classes participantes de pr\u00e9senter leur projet \u00e0 un jury compos\u00e9 des membres des diff\u00e9rents partenaires organisateurs.<\/p>\n<p>De nombreux ateliers et animations autour de la m\u00e9t\u00e9o et de l\u2019espace ont \u00e9t\u00e9 organis\u00e9es ainsi que des rencontres avec des scientifiques. Les jeunes ont pu assist\u00e9 \u00e0 un l\u00e2cher de ballon\u2013sonde.<\/p>\n<p><img fetchpriority=\"high\" decoding=\"async\" class=\"wp-image-632156 aligncenter\" src=\"https:\/\/www.planete-sciences.org\/occitanie\/web\/wp-content\/uploads\/2016\/05\/groupe-300x100.jpg\" alt=\"groupe\" width=\"723\" height=\"241\" srcset=\"https:\/\/www.planete-sciences.org\/occitanie\/web\/wp-content\/uploads\/2016\/05\/groupe-300x100.jpg 300w, https:\/\/www.planete-sciences.org\/occitanie\/web\/wp-content\/uploads\/2016\/05\/groupe-768x257.jpg 768w, https:\/\/www.planete-sciences.org\/occitanie\/web\/wp-content\/uploads\/2016\/05\/groupe-1024x342.jpg 1024w, https:\/\/www.planete-sciences.org\/occitanie\/web\/wp-content\/uploads\/2016\/05\/groupe-600x201.jpg 600w\" sizes=\"(max-width: 723px) 100vw, 723px\" \/><\/p>\n<p>En fin d&rsquo;apr\u00e8s-midi, les scientifiques du Centre Spatial Guyanais on fait une visioconf\u00e9rence avec les jeunes des RME.\u00a0 Gr\u00e2ce \u00e0 ce duplex, les jeunes participants ont pu poser leurs questions aux m\u00e9t\u00e9orologues du CSG de Kourou et \u00e9changer sur l&rsquo;importance de la m\u00e9t\u00e9o dans le lancement de fus\u00e9es.<\/p>\n<p><img decoding=\"async\" class=\"wp-image-631432 aligncenter\" src=\"https:\/\/www.planete-sciences.org\/occitanie\/web\/wp-content\/uploads\/2016\/05\/IMG_1658-300x88.jpg\" alt=\"IMG_1658\" width=\"570\" height=\"167\" srcset=\"https:\/\/www.planete-sciences.org\/occitanie\/web\/wp-content\/uploads\/2016\/05\/IMG_1658-300x88.jpg 300w, https:\/\/www.planete-sciences.org\/occitanie\/web\/wp-content\/uploads\/2016\/05\/IMG_1658-768x225.jpg 768w, https:\/\/www.planete-sciences.org\/occitanie\/web\/wp-content\/uploads\/2016\/05\/IMG_1658-1024x300.jpg 1024w, https:\/\/www.planete-sciences.org\/occitanie\/web\/wp-content\/uploads\/2016\/05\/IMG_1658-600x176.jpg 600w\" sizes=\"(max-width: 570px) 100vw, 570px\" \/><\/p>\n<p>Une remise des prix, pr\u00e9sid\u00e9E par Jo\u00ebl COLLADO a cl\u00f4tur\u00e9 la journ\u00e9e :<\/p>\n<p><span style=\"color: #000080;\"><b>LES PRIX DE L&rsquo;EXCELLENCE :<\/b><\/span><\/p>\n<ul>\n<li><span style=\"color: #000080;\">1er &#8211; Prix Blaise PASCAL<\/span> : Coll\u00e8ge Jules Vall\u00e8s de Portet sur Garonne pour leur excellent travail sur les continents plastiques<\/li>\n<li><span style=\"color: #000080;\">2e &#8211; Prix Jean-Joseph LE VERRIER<\/span> : Coll\u00e8ge L\u00e9on Gambetta de Rabastens\u00a0 pour excellent travail autour de la COP 21<\/li>\n<li><span style=\"color: #000080;\">3e &#8211; Prix Raymond POINCAR\u00c9<\/span> :\u00a0 Lyc\u00e9e Saint \u00c9tienne\u00a0 de Cahors pour leur excellent travail sur la pollution de l&rsquo;air<\/li>\n<\/ul>\n<p><span style=\"color: #000080;\"><b>LES PRIX SP\u00c9CIAUX :<\/b> <\/span><\/p>\n<ul>\n<li><span style=\"color: #000080;\">Le prix JURYS JEUNES<\/span> : Coll\u00e8ges Georges Brassens\u00a0 de Podensac\u00a0 avec une tr\u00e8s belle r\u00e9alisation de maquette de volcan<\/li>\n<li><span style=\"color: #000080;\">Le prix COUP DE C\u0152UR<\/span> : \u00c9cole Publique Sainte Marie,\u00a0 le jury a \u00e9t\u00e9 s\u00e9duit par la pr\u00e9sentation, la rigueur de travail et la parfaite connaissance de leur sujet des \u00e9l\u00e8ves sur la th\u00e9matique des nuages<\/li>\n<\/ul>\n<p><span style=\"color: #000080;\"><b>LES DISTINCTIONS :<\/b><\/span><\/p>\n<ul>\n<li><span style=\"color: #000080;\">Prix des jeunes chercheurs<\/span> : Coll\u00e8ge Marguerite de Navarre de Pau\u00a0 pour travail d&rsquo;investigation, de prototypage d&rsquo;exp\u00e9riences des \u00e9l\u00e8ves autour de l&rsquo;alb\u00e9do.<\/li>\n<li><span style=\"color: #000080;\">Prix de la d\u00e9marche scientifique<\/span> : Coll\u00e8ge Marguerite de Navarre de Pau pour leur travail sur le Black Carbon<\/li>\n<li><span style=\"color: #000080;\">Prix du travail d&rsquo;\u00e9quipe<\/span> pour le Lyc\u00e9e D\u00e9odat de S\u00e9verac de Toulouse pour leur excellente r\u00e9partition des t\u00e2ches lors de la r\u00e9alisation de la nacelle de Ballon stratosph\u00e9rique\u00a0 qui a \u00e9t\u00e9 l\u00e2ch\u00e9 lors des RME et retrouv\u00e9 \u00e0 proximit\u00e9 de Perpignan.<\/li>\n<li><span style=\"color: #000080;\">Prix de la pr\u00e9sentation<\/span> pour le Coll\u00e8ge Romain Rolland de Saint Jean avec une excellente pr\u00e9sentation de leur travail autour du r\u00e9chauffement climatique, une mention sp\u00e9ciale pour leur travail de recherche d\u2019emplacement de leur station m\u00e9t\u00e9o avec visualisation 3D des b\u00e2timents de leur Coll\u00e8ge.<\/li>\n<li><span style=\"color: #000080;\">Prix de l&rsquo;originalit\u00e9<\/span> : Coll\u00e8ge Pierre Mend\u00e8s France de Labarthe-sur-L\u00e8ze pour leur tr\u00e8s int\u00e9ressant travail autour du potager,\u00a0 avec recherche de corr\u00e9lation entre la couverture du sol, la biodiversit\u00e9 du jardin, les temp\u00e9ratures et humidit\u00e9 du sol et la m\u00e9t\u00e9orologie.<\/li>\n<li><span style=\"color: #000080;\">Prix de l&rsquo;innovation<\/span> : Coll\u00e8ge Jules Ferry de Langon pour leur travail autour de la maison Bioclimatique et la r\u00e9alisation d&rsquo;une maquette tr\u00e8s r\u00e9ussie.<\/li>\n<li><span style=\"color: #000080;\">Prix technologique<\/span> : Lyc\u00e9e de Anna de Noailles d&rsquo;Evian-Les-Bains pour leur recherche de capteurs pour la r\u00e9alisation d&rsquo;une station m\u00e9t\u00e9o et la conception de leur site Internet pour le suivi en direct de leurs mesures.<\/li>\n<\/ul>\n<p>&nbsp;<\/p>\n<hr \/>\n<p style=\"text-align: center;\"><strong><span style=\"color: #000080;\">Pour s&rsquo;inscrire aux RME 2017, Plan\u00e8te Sciences Midi-Pyr\u00e9n\u00e9es se tient d&rsquo;ores et d\u00e9j\u00e0 \u00e0 votre disposition pour \u00e9changer et vous conseiller sur la mise en place de projets en m\u00e9t\u00e9o ou en espace dans votre classe : 05.81.60.81.70<\/span><\/strong><\/p>\n<hr \/>\n<p style=\"text-align: center;\">\n","protected":false},"excerpt":{"rendered":"<p>Les Rencontres M\u00e9t\u00e9o et Espace 2016 se sont d\u00e9roul\u00e9es ce jeudi 19 mai 2016 \u00e0 la M\u00e9t\u00e9opole de Toulouse.\u00a0 Il s\u2019agit d\u2019un \u00e9v\u00e8nement de valorisation de projets scolaires avec de nombreuses animations et temps forts pendant toute la journ\u00e9e. Plus de 200 \u00e9l\u00e8ves s\u00e9lectionn\u00e9s pour la qualit\u00e9 de leur travail y ont particip\u00e9 ! Organis\u00e9es [&hellip;]<\/p>\n","protected":false},"author":13,"featured_media":0,"comment_status":"closed","ping_status":"open","sticky":false,"template":"","format":"gallery","meta":{"ocean_post_layout":"","ocean_both_sidebars_style":"","ocean_both_sidebars_content_width":0,"ocean_both_sidebars_sidebars_width":0,"ocean_sidebar":"","ocean_second_sidebar":"","ocean_disable_margins":"enable","ocean_add_body_class":"","ocean_shortcode_before_top_bar":"","ocean_shortcode_after_top_bar":"","ocean_shortcode_before_header":"","ocean_shortcode_after_header":"","ocean_has_shortcode":"","ocean_shortcode_after_title":"","ocean_shortcode_before_footer_widgets":"","ocean_shortcode_after_footer_widgets":"","ocean_shortcode_before_footer_bottom":"","ocean_shortcode_after_footer_bottom":"","ocean_display_top_bar":"default","ocean_display_header":"default","ocean_header_style":"","ocean_center_header_left_menu":"","ocean_custom_header_template":"","ocean_custom_logo":0,"ocean_custom_retina_logo":0,"ocean_custom_logo_max_width":0,"ocean_custom_logo_tablet_max_width":0,"ocean_custom_logo_mobile_max_width":0,"ocean_custom_logo_max_height":0,"ocean_custom_logo_tablet_max_height":0,"ocean_custom_logo_mobile_max_height":0,"ocean_header_custom_menu":"","ocean_menu_typo_font_family":"","ocean_menu_typo_font_subset":"","ocean_menu_typo_font_size":0,"ocean_menu_typo_font_size_tablet":0,"ocean_menu_typo_font_size_mobile":0,"ocean_menu_typo_font_size_unit":"px","ocean_menu_typo_font_weight":"","ocean_menu_typo_font_weight_tablet":"","ocean_menu_typo_font_weight_mobile":"","ocean_menu_typo_transform":"","ocean_menu_typo_transform_tablet":"","ocean_menu_typo_transform_mobile":"","ocean_menu_typo_line_height":0,"ocean_menu_typo_line_height_tablet":0,"ocean_menu_typo_line_height_mobile":0,"ocean_menu_typo_line_height_unit":"","ocean_menu_typo_spacing":0,"ocean_menu_typo_spacing_tablet":0,"ocean_menu_typo_spacing_mobile":0,"ocean_menu_typo_spacing_unit":"","ocean_menu_link_color":"","ocean_menu_link_color_hover":"","ocean_menu_link_color_active":"","ocean_menu_link_background":"","ocean_menu_link_hover_background":"","ocean_menu_link_active_background":"","ocean_menu_social_links_bg":"","ocean_menu_social_hover_links_bg":"","ocean_menu_social_links_color":"","ocean_menu_social_hover_links_color":"","ocean_disable_title":"default","ocean_disable_heading":"default","ocean_post_title":"","ocean_post_subheading":"","ocean_post_title_style":"","ocean_post_title_background_color":"","ocean_post_title_background":0,"ocean_post_title_bg_image_position":"","ocean_post_title_bg_image_attachment":"","ocean_post_title_bg_image_repeat":"","ocean_post_title_bg_image_size":"","ocean_post_title_height":0,"ocean_post_title_bg_overlay":0.5,"ocean_post_title_bg_overlay_color":"","ocean_disable_breadcrumbs":"default","ocean_breadcrumbs_color":"","ocean_breadcrumbs_separator_color":"","ocean_breadcrumbs_links_color":"","ocean_breadcrumbs_links_hover_color":"","ocean_display_footer_widgets":"default","ocean_display_footer_bottom":"default","ocean_custom_footer_template":"","_vp_format_video_url":"","_vp_image_focal_point":[],"ocean_post_oembed":"","ocean_post_self_hosted_media":"","ocean_post_video_embed":"","ocean_link_format":"","ocean_link_format_target":"self","ocean_quote_format":"","ocean_quote_format_link":"post","ocean_gallery_link_images":"on","ocean_gallery_id":[],"footnotes":""},"categories":[11],"tags":[],"class_list":["post-631393","post","type-post","status-publish","format-gallery","hentry","category-planete-sciences","post_format-post-format-gallery","entry"],"_links":{"self":[{"href":"https:\/\/www.planete-sciences.org\/occitanie\/web\/wp-json\/wp\/v2\/posts\/631393","targetHints":{"allow":["GET"]}}],"collection":[{"href":"https:\/\/www.planete-sciences.org\/occitanie\/web\/wp-json\/wp\/v2\/posts"}],"about":[{"href":"https:\/\/www.planete-sciences.org\/occitanie\/web\/wp-json\/wp\/v2\/types\/post"}],"author":[{"embeddable":true,"href":"https:\/\/www.planete-sciences.org\/occitanie\/web\/wp-json\/wp\/v2\/users\/13"}],"replies":[{"embeddable":true,"href":"https:\/\/www.planete-sciences.org\/occitanie\/web\/wp-json\/wp\/v2\/comments?post=631393"}],"version-history":[{"count":1,"href":"https:\/\/www.planete-sciences.org\/occitanie\/web\/wp-json\/wp\/v2\/posts\/631393\/revisions"}],"predecessor-version":[{"id":2256807,"href":"https:\/\/www.planete-sciences.org\/occitanie\/web\/wp-json\/wp\/v2\/posts\/631393\/revisions\/2256807"}],"wp:attachment":[{"href":"https:\/\/www.planete-sciences.org\/occitanie\/web\/wp-json\/wp\/v2\/media?parent=631393"}],"wp:term":[{"taxonomy":"category","embeddable":true,"href":"https:\/\/www.planete-sciences.org\/occitanie\/web\/wp-json\/wp\/v2\/categories?post=631393"},{"taxonomy":"post_tag","embeddable":true,"href":"https:\/\/www.planete-sciences.org\/occitanie\/web\/wp-json\/wp\/v2\/tags?post=631393"}],"curies":[{"name":"wp","href":"https:\/\/api.w.org\/{rel}","templated":true}]}}