{"id":567093,"date":"2016-03-09T10:22:09","date_gmt":"2016-03-09T09:22:09","guid":{"rendered":"http:\/\/www.planete-sciences.org\/midi-pyrenees\/web\/?p=567093"},"modified":"2024-01-28T16:17:18","modified_gmt":"2024-01-28T15:17:18","slug":"assemblee-generale-de-planete-sciences-midi-pyrenees","status":"publish","type":"post","link":"https:\/\/www.planete-sciences.org\/occitanie\/web\/assemblee-generale-de-planete-sciences-midi-pyrenees\/","title":{"rendered":"Assembl\u00e9e G\u00e9n\u00e9rale de Plan\u00e8te Sciences Midi-Pyr\u00e9n\u00e9es"},"content":{"rendered":"<p><img fetchpriority=\"high\" decoding=\"async\" class=\"wp-image-567092 alignleft\" src=\"https:\/\/www.planete-sciences.org\/occitanie\/web\/wp-content\/uploads\/2016\/03\/AG2016-162x300.jpg\" alt=\"AG2016\" width=\"410\" height=\"760\" srcset=\"https:\/\/www.planete-sciences.org\/occitanie\/web\/wp-content\/uploads\/2016\/03\/AG2016-162x300.jpg 162w, https:\/\/www.planete-sciences.org\/occitanie\/web\/wp-content\/uploads\/2016\/03\/AG2016.jpg 340w\" sizes=\"(max-width: 410px) 100vw, 410px\" \/><\/p>\n<p>Samedi 5 mars 2016 s&rsquo;est tenue l&rsquo;Assembl\u00e9e G\u00e9n\u00e9rale de l&rsquo;association Plan\u00e8te Sciences Midi-Pyr\u00e9n\u00e9es au Quai des Savoirs.<\/p>\n<p>Les Assembl\u00e9es G\u00e9n\u00e9rales sont les temps forts de la vie associative ! <strong>Tous les adh\u00e9rents y sont convi\u00e9s pour faire le point sur l&rsquo;ann\u00e9e pass\u00e9e puis acter les orientations des ann\u00e9es \u00e0 venir<\/strong>. Il s&rsquo;agit d&rsquo;un moment convivial o\u00f9 tout le monde se retrouve.<\/p>\n<p>Fran\u00e7ois Schulz, pr\u00e9sident de l&rsquo;association, a pr\u00e9sent\u00e9 son<strong> rapport moral<\/strong>. Il a \u00e9t\u00e9 \u00e9voqu\u00e9 la passion commune pour faire vivre les sciences et les techniques aupr\u00e8s des jeunes\u00a0 qui perdure tout en se d\u00e9veloppement : 37 000 journ\u00e9es participantes cette ann\u00e9e, contre 6000 vingt an plus t\u00f4t ! En outre, l&rsquo;ann\u00e9e 2015 fut une ann\u00e9e de transition caract\u00e9ris\u00e9e par l&rsquo;implantation au Quai des Savoirs, l&rsquo;ouverture d&rsquo;un second centre de loisir et d&rsquo;un Fablab \u00e0 Ramonville\u00a0 ainsi qu&rsquo;une r\u00e9flexion engag\u00e9e sur la nouvelle grande r\u00e9gion Languedoc-Roussillon-Midi-Pyr\u00e9n\u00e9es.<\/p>\n<p>Pour 2016, cinq o<strong>bjectifs centraux<\/strong> ont \u00e9t\u00e9 valid\u00e9s :<\/p>\n<ul>\n<li>R\u00e9ussir l&rsquo;int\u00e9gration de Plan\u00e8te Sciences Midi-Pyr\u00e9n\u00e9es au Quai des Savoirs et y \u00eatre force de proposition ;<\/li>\n<li>Mettre en place un Fablab original et p\u00e9renne en y mobilisant les partenaires associatifs, les collectivit\u00e9s territoriales et les habitants ;<\/li>\n<li>Se d\u00e9veloppement sur la nouvelle grande r\u00e9gion en s&rsquo;appuyant sur Plan\u00e8te Sciences Gard-H\u00e9rault ;<\/li>\n<li>Continuer \u00e0 d\u00e9velopper des projets aupr\u00e8s des publics emp\u00each\u00e9s ;<\/li>\n<li>Poursuivre le projet sant\u00e9 en d\u00e9veloppement la th\u00e9matique \u00ab\u00a0sant\u00e9-environnement\u00a0\u00bb<\/li>\n<\/ul>\n<p>Trois administrateurs ont \u00e9t\u00e9 r\u00e9\u00e9lus : Jean-Fran\u00e7ois Colombel, Olivier Moch et Fran\u00e7ois Schulz. Et bienvenu \u00e0 deux nouveaux, pas si nouveau que \u00e7a dans le r\u00e9seau Plan\u00e8te Sciences : Michel Houques et Antoine Ma\u00efer !<\/p>\n<p style=\"text-align: center;\"><strong>Pour tous renseignements sur la vie associative de notre association n&rsquo;h\u00e9sitez pas \u00e0 nous contacter !<\/strong><\/p>\n","protected":false},"excerpt":{"rendered":"<p>Samedi 5 mars 2016 s&rsquo;est tenue l&rsquo;Assembl\u00e9e G\u00e9n\u00e9rale de l&rsquo;association Plan\u00e8te Sciences Midi-Pyr\u00e9n\u00e9es au Quai des Savoirs. Les Assembl\u00e9es G\u00e9n\u00e9rales sont les temps forts de la vie associative ! Tous les adh\u00e9rents y sont convi\u00e9s pour faire le point sur l&rsquo;ann\u00e9e pass\u00e9e puis acter les orientations des ann\u00e9es \u00e0 venir. Il s&rsquo;agit d&rsquo;un moment convivial [&hellip;]<\/p>\n","protected":false},"author":13,"featured_media":0,"comment_status":"closed","ping_status":"open","sticky":false,"template":"","format":"gallery","meta":{"ocean_post_layout":"","ocean_both_sidebars_style":"","ocean_both_sidebars_content_width":0,"ocean_both_sidebars_sidebars_width":0,"ocean_sidebar":"","ocean_second_sidebar":"","ocean_disable_margins":"enable","ocean_add_body_class":"","ocean_shortcode_before_top_bar":"","ocean_shortcode_after_top_bar":"","ocean_shortcode_before_header":"","ocean_shortcode_after_header":"","ocean_has_shortcode":"","ocean_shortcode_after_title":"","ocean_shortcode_before_footer_widgets":"","ocean_shortcode_after_footer_widgets":"","ocean_shortcode_before_footer_bottom":"","ocean_shortcode_after_footer_bottom":"","ocean_display_top_bar":"default","ocean_display_header":"default","ocean_header_style":"","ocean_center_header_left_menu":"","ocean_custom_header_template":"","ocean_custom_logo":0,"ocean_custom_retina_logo":0,"ocean_custom_logo_max_width":0,"ocean_custom_logo_tablet_max_width":0,"ocean_custom_logo_mobile_max_width":0,"ocean_custom_logo_max_height":0,"ocean_custom_logo_tablet_max_height":0,"ocean_custom_logo_mobile_max_height":0,"ocean_header_custom_menu":"","ocean_menu_typo_font_family":"","ocean_menu_typo_font_subset":"","ocean_menu_typo_font_size":0,"ocean_menu_typo_font_size_tablet":0,"ocean_menu_typo_font_size_mobile":0,"ocean_menu_typo_font_size_unit":"px","ocean_menu_typo_font_weight":"","ocean_menu_typo_font_weight_tablet":"","ocean_menu_typo_font_weight_mobile":"","ocean_menu_typo_transform":"","ocean_menu_typo_transform_tablet":"","ocean_menu_typo_transform_mobile":"","ocean_menu_typo_line_height":0,"ocean_menu_typo_line_height_tablet":0,"ocean_menu_typo_line_height_mobile":0,"ocean_menu_typo_line_height_unit":"","ocean_menu_typo_spacing":0,"ocean_menu_typo_spacing_tablet":0,"ocean_menu_typo_spacing_mobile":0,"ocean_menu_typo_spacing_unit":"","ocean_menu_link_color":"","ocean_menu_link_color_hover":"","ocean_menu_link_color_active":"","ocean_menu_link_background":"","ocean_menu_link_hover_background":"","ocean_menu_link_active_background":"","ocean_menu_social_links_bg":"","ocean_menu_social_hover_links_bg":"","ocean_menu_social_links_color":"","ocean_menu_social_hover_links_color":"","ocean_disable_title":"default","ocean_disable_heading":"default","ocean_post_title":"","ocean_post_subheading":"","ocean_post_title_style":"","ocean_post_title_background_color":"","ocean_post_title_background":0,"ocean_post_title_bg_image_position":"","ocean_post_title_bg_image_attachment":"","ocean_post_title_bg_image_repeat":"","ocean_post_title_bg_image_size":"","ocean_post_title_height":0,"ocean_post_title_bg_overlay":0.5,"ocean_post_title_bg_overlay_color":"","ocean_disable_breadcrumbs":"default","ocean_breadcrumbs_color":"","ocean_breadcrumbs_separator_color":"","ocean_breadcrumbs_links_color":"","ocean_breadcrumbs_links_hover_color":"","ocean_display_footer_widgets":"default","ocean_display_footer_bottom":"default","ocean_custom_footer_template":"","_vp_format_video_url":"","_vp_image_focal_point":[],"ocean_post_oembed":"","ocean_post_self_hosted_media":"","ocean_post_video_embed":"","ocean_link_format":"","ocean_link_format_target":"self","ocean_quote_format":"","ocean_quote_format_link":"post","ocean_gallery_link_images":"on","ocean_gallery_id":[],"footnotes":""},"categories":[11],"tags":[],"class_list":["post-567093","post","type-post","status-publish","format-gallery","hentry","category-planete-sciences","post_format-post-format-gallery","entry"],"_links":{"self":[{"href":"https:\/\/www.planete-sciences.org\/occitanie\/web\/wp-json\/wp\/v2\/posts\/567093","targetHints":{"allow":["GET"]}}],"collection":[{"href":"https:\/\/www.planete-sciences.org\/occitanie\/web\/wp-json\/wp\/v2\/posts"}],"about":[{"href":"https:\/\/www.planete-sciences.org\/occitanie\/web\/wp-json\/wp\/v2\/types\/post"}],"author":[{"embeddable":true,"href":"https:\/\/www.planete-sciences.org\/occitanie\/web\/wp-json\/wp\/v2\/users\/13"}],"replies":[{"embeddable":true,"href":"https:\/\/www.planete-sciences.org\/occitanie\/web\/wp-json\/wp\/v2\/comments?post=567093"}],"version-history":[{"count":1,"href":"https:\/\/www.planete-sciences.org\/occitanie\/web\/wp-json\/wp\/v2\/posts\/567093\/revisions"}],"predecessor-version":[{"id":2256803,"href":"https:\/\/www.planete-sciences.org\/occitanie\/web\/wp-json\/wp\/v2\/posts\/567093\/revisions\/2256803"}],"wp:attachment":[{"href":"https:\/\/www.planete-sciences.org\/occitanie\/web\/wp-json\/wp\/v2\/media?parent=567093"}],"wp:term":[{"taxonomy":"category","embeddable":true,"href":"https:\/\/www.planete-sciences.org\/occitanie\/web\/wp-json\/wp\/v2\/categories?post=567093"},{"taxonomy":"post_tag","embeddable":true,"href":"https:\/\/www.planete-sciences.org\/occitanie\/web\/wp-json\/wp\/v2\/tags?post=567093"}],"curies":[{"name":"wp","href":"https:\/\/api.w.org\/{rel}","templated":true}]}}