{"id":450784,"date":"2015-10-19T14:17:54","date_gmt":"2015-10-19T12:17:54","guid":{"rendered":"http:\/\/www.planete-sciences.org\/midi-pyrenees\/web\/?p=450784"},"modified":"2024-01-28T16:55:39","modified_gmt":"2024-01-28T15:55:39","slug":"sur-la-route-des-sciences-a-toulouse","status":"publish","type":"post","link":"https:\/\/www.planete-sciences.org\/occitanie\/web\/sur-la-route-des-sciences-a-toulouse\/","title":{"rendered":"Sur la route des sciences \u00e0 Toulouse"},"content":{"rendered":"<p style=\"text-align: justify;\"><a href=\"https:\/\/www.planete-sciences.org\/occitanie\/web\/sur-la-route-des-sciences-a-toulouse\/logo-srs\/\" rel=\"attachment wp-att-450859\"><img fetchpriority=\"high\" decoding=\"async\" class=\"size-full wp-image-450859 aligncenter\" src=\"https:\/\/www.planete-sciences.org\/occitanie\/web\/wp-content\/uploads\/2015\/10\/logo-SRS.png\" alt=\"Sur la Route des Sciences\" width=\"712\" height=\"157\" srcset=\"https:\/\/www.planete-sciences.org\/occitanie\/web\/wp-content\/uploads\/2015\/10\/logo-SRS.png 712w, https:\/\/www.planete-sciences.org\/occitanie\/web\/wp-content\/uploads\/2015\/10\/logo-SRS-300x66.png 300w, https:\/\/www.planete-sciences.org\/occitanie\/web\/wp-content\/uploads\/2015\/10\/logo-SRS-600x132.png 600w\" sizes=\"(max-width: 712px) 100vw, 712px\" \/><\/a>Le projet \u00ab\u00a0Sur la Route des Sciences\u00a0\u00bb a \u00e9t\u00e9 s\u00e9lectionn\u00e9 par le Programme d&rsquo;Investissements d&rsquo;Avenir (PIA) pour contribuer au d\u00e9veloppement des actions scientifiques et techniques vers les jeunes sur l&rsquo;ensemble du territoire national et favoriser l&rsquo;\u00e9galit\u00e9 des chances. Pour ce faire Plan\u00e8te Sciences et ses d\u00e9l\u00e9gations ont d\u00e9velopp\u00e9 ses modules d&rsquo;animations. Sur la d\u00e9l\u00e9gation de Plan\u00e8te Sciences en Midi-Pyr\u00e9n\u00e9es, nous avons investi dans 3 modules :<\/p>\n<ul>\n<li style=\"text-align: justify;\">Le satellite d&rsquo;observation exp\u00e9rimental et \u00e9ducatif,<\/li>\n<li style=\"text-align: justify;\">Le satellite de communication,<\/li>\n<li style=\"text-align: justify;\">Le plan\u00e9tarium num\u00e9rique pour observer le ciel diff\u00e9remment.<\/li>\n<\/ul>\n<p style=\"text-align: justify;\">Ses modules re\u00e7oivent un tr\u00e8s bon accueil aupr\u00e8s du public mais aussi aupr\u00e8s de nos partenaires. Ces outils d\u00e9velopp\u00e9s dans le cadre de ce projet ont \u00e9t\u00e9 pr\u00e9sents sur de nombreux \u00e9v\u00e9nements :<\/p>\n<ul>\n<li style=\"text-align: justify;\"><strong>Ciel en f\u00eate<\/strong> programm\u00e9 par le collectif RAMIP et la Cit\u00e9 de l&rsquo;espace \u00e0 Toulouse du 9 au 10 mai avec le soutien de la Mairie de Toulouse, de la R\u00e9gion Midi-Pyr\u00e9n\u00e9es et de tr\u00e8s nombreux partenaires en astronomie,<\/li>\n<li style=\"text-align: justify;\"><strong>Forum territorial de Culture, Scientifique, Technique et Industrielle<\/strong> le 19 mai \u00e0 l&rsquo;h\u00f4tel de R\u00e9gion organis\u00e9 \u00e0 l\u2019initiative de la R\u00e9gion Midi-Pyr\u00e9n\u00e9es et du P\u00f4le Territorial de R\u00e9f\u00e9rence (PTR) \u00ab Sciences et Soci\u00e9t\u00e9 en Midi-Pyr\u00e9n\u00e9es \u00bb en partenariat avec l\u2019Universit\u00e9 F\u00e9d\u00e9rale Toulouse Midi-Pyr\u00e9n\u00e9es et Science Animation Midi-Pyr\u00e9n\u00e9es,<\/li>\n<li style=\"text-align: justify;\"><strong>Les D\u00e9fis Solaires<\/strong> les 29 et 30 mai mise en place par Plan\u00e8te Sciences MP en partenariat avec les associations D\u00e9lires d&rsquo;encre et les amis de la Cit\u00e9 de l&rsquo;espace avec le soutien de la Mairie de Toulouse, de la R\u00e9gion Midi-Pyr\u00e9n\u00e9es, des fonds europ\u00e9ens FEDER, du rectorat de Toulouse et de tr\u00e8s nombreux autres partenaires,<\/li>\n<li style=\"text-align: justify;\">L&rsquo;op\u00e9ration \u00ab\u00a0<strong>Espace dans ma ville<\/strong>\u00a0\u00bb sur le centre culturel de Soupetard de Toulouse du 20 au 24 juillet avec le CNES, la mairie de Toulouse, la Cit\u00e9 de l&rsquo;espace, l\u2019Agence Nationale pour la Coh\u00e9sion Sociale et l\u2019\u00e9galit\u00e9 des chances, le Minist\u00e8re de l\u2019Education Nationale, de l\u2019Enseignement sup\u00e9rieure et de la recherche,le Minist\u00e8re des droits des femmes, de la ville et de la Jeunesse et des Sports.<\/li>\n<li style=\"text-align: justify;\"><strong>La nuit des chercheurs<\/strong> \u00e0 la Cit\u00e9 de l&rsquo;espace organis\u00e9e par l&rsquo;Universit\u00e9 F\u00e9d\u00e9rale Toulouse Midi-Pyr\u00e9n\u00e9es le 25 septembre dernier,<\/li>\n<li style=\"text-align: justify;\"><strong>La journ\u00e9e au bord du lac<\/strong> dans le cadre de l&rsquo;op\u00e9ration \u00ab\u00a0<strong>En attendant le Quai des Savoirs<\/strong>\u00a0\u00bb le 11 octobre organis\u00e9e par la mairie de Toulouse et de tr\u00e8s nombreux partenaires,<\/li>\n<li style=\"text-align: justify;\"><strong>Le train du Climat<\/strong>,\u00a0labellis\u00e9 par le Comit\u00e9 interminist\u00e9riel de la COP21 initi\u00e9 par un collectif de scientifiques et de m\u00e9diateurs investis dans la recherche fondamentale et la m\u00e9diation sur le climat, avec le soutien de l\u2019association M\u00e9t\u00e9o &amp; Climat, le 13 octobre sur les quais de la gare de Toulouse Matabiau dans le cadre d&rsquo;une demande du CNES partenaire du projet,<\/li>\n<li style=\"text-align: justify;\"><strong>Scientilivre<\/strong> le 17 et 18 octobre \u00e0 Lab\u00e8ge, propos\u00e9 depuis pr\u00e8s de 15 ans par l&rsquo;association D\u00e9lires d&rsquo;encre avec de tr\u00e8s nombreux partenaires institutionnels comme la mairie de Lab\u00e8ge, le Sicoval, le conseil d\u00e9partemental 31, la R\u00e9gion Midi-Pyr\u00e9n\u00e9es, les fonds europ\u00e9ens FEDER et plus d&rsquo;une vingtaine d&rsquo;autres partenaires dont Plan\u00e8te Sciences Midi-Pyr\u00e9n\u00e9es pr\u00e9sent depuis la premi\u00e8re \u00e9dition.<\/li>\n<\/ul>\n\n<p>Ces outils vont circuler sur toute la r\u00e9gion Midi-Pyr\u00e9n\u00e9es \u00e0 travers plusieurs op\u00e9rations :<\/p>\n<ul>\n<li><a href=\"http:\/\/tourneerobot.blogspot.fr\/\" rel=\"noopener\">La Tourn\u00e9e de la robotique ouvert aux \u00e9tablissements scolaires de la r\u00e9gion,<\/a><\/li>\n<li>Le Quai des Savoirs pour les jeunes de la M\u00e9tropole toulousaines et au del\u00e0,<\/li>\n<li>Astronomie pour tous et la partie Coll\u00e8ge et Lyc\u00e9es de Nuits&#8230;<\/li>\n<\/ul>\n<p>N&rsquo;h\u00e9sitez pas \u00e0 nous contacter pour plus d&rsquo;information : ateliers-mp@planete-sciences.org<\/p>\n<p style=\"text-align: justify;\">\n","protected":false},"excerpt":{"rendered":"<p>Le projet \u00ab\u00a0Sur la Route des Sciences\u00a0\u00bb a \u00e9t\u00e9 s\u00e9lectionn\u00e9 par le Programme d&rsquo;Investissements d&rsquo;Avenir (PIA) pour contribuer au d\u00e9veloppement des actions scientifiques et techniques vers les jeunes sur l&rsquo;ensemble du territoire national et favoriser l&rsquo;\u00e9galit\u00e9 des chances. Pour ce faire Plan\u00e8te Sciences et ses d\u00e9l\u00e9gations ont d\u00e9velopp\u00e9 ses modules d&rsquo;animations. Sur la d\u00e9l\u00e9gation de [&hellip;]<\/p>\n","protected":false},"author":4,"featured_media":450859,"comment_status":"closed","ping_status":"open","sticky":false,"template":"","format":"gallery","meta":{"ocean_post_layout":"","ocean_both_sidebars_style":"","ocean_both_sidebars_content_width":0,"ocean_both_sidebars_sidebars_width":0,"ocean_sidebar":"","ocean_second_sidebar":"","ocean_disable_margins":"enable","ocean_add_body_class":"","ocean_shortcode_before_top_bar":"","ocean_shortcode_after_top_bar":"","ocean_shortcode_before_header":"","ocean_shortcode_after_header":"","ocean_has_shortcode":"","ocean_shortcode_after_title":"","ocean_shortcode_before_footer_widgets":"","ocean_shortcode_after_footer_widgets":"","ocean_shortcode_before_footer_bottom":"","ocean_shortcode_after_footer_bottom":"","ocean_display_top_bar":"default","ocean_display_header":"default","ocean_header_style":"","ocean_center_header_left_menu":"","ocean_custom_header_template":"","ocean_custom_logo":0,"ocean_custom_retina_logo":0,"ocean_custom_logo_max_width":0,"ocean_custom_logo_tablet_max_width":0,"ocean_custom_logo_mobile_max_width":0,"ocean_custom_logo_max_height":0,"ocean_custom_logo_tablet_max_height":0,"ocean_custom_logo_mobile_max_height":0,"ocean_header_custom_menu":"","ocean_menu_typo_font_family":"","ocean_menu_typo_font_subset":"","ocean_menu_typo_font_size":0,"ocean_menu_typo_font_size_tablet":0,"ocean_menu_typo_font_size_mobile":0,"ocean_menu_typo_font_size_unit":"px","ocean_menu_typo_font_weight":"","ocean_menu_typo_font_weight_tablet":"","ocean_menu_typo_font_weight_mobile":"","ocean_menu_typo_transform":"","ocean_menu_typo_transform_tablet":"","ocean_menu_typo_transform_mobile":"","ocean_menu_typo_line_height":0,"ocean_menu_typo_line_height_tablet":0,"ocean_menu_typo_line_height_mobile":0,"ocean_menu_typo_line_height_unit":"","ocean_menu_typo_spacing":0,"ocean_menu_typo_spacing_tablet":0,"ocean_menu_typo_spacing_mobile":0,"ocean_menu_typo_spacing_unit":"","ocean_menu_link_color":"","ocean_menu_link_color_hover":"","ocean_menu_link_color_active":"","ocean_menu_link_background":"","ocean_menu_link_hover_background":"","ocean_menu_link_active_background":"","ocean_menu_social_links_bg":"","ocean_menu_social_hover_links_bg":"","ocean_menu_social_links_color":"","ocean_menu_social_hover_links_color":"","ocean_disable_title":"default","ocean_disable_heading":"default","ocean_post_title":"","ocean_post_subheading":"","ocean_post_title_style":"","ocean_post_title_background_color":"","ocean_post_title_background":0,"ocean_post_title_bg_image_position":"","ocean_post_title_bg_image_attachment":"","ocean_post_title_bg_image_repeat":"","ocean_post_title_bg_image_size":"","ocean_post_title_height":0,"ocean_post_title_bg_overlay":0.5,"ocean_post_title_bg_overlay_color":"","ocean_disable_breadcrumbs":"default","ocean_breadcrumbs_color":"","ocean_breadcrumbs_separator_color":"","ocean_breadcrumbs_links_color":"","ocean_breadcrumbs_links_hover_color":"","ocean_display_footer_widgets":"default","ocean_display_footer_bottom":"default","ocean_custom_footer_template":"","_vp_format_video_url":"","_vp_image_focal_point":[],"ocean_post_oembed":"","ocean_post_self_hosted_media":"","ocean_post_video_embed":"","ocean_link_format":"","ocean_link_format_target":"self","ocean_quote_format":"","ocean_quote_format_link":"post","ocean_gallery_link_images":"on","ocean_gallery_id":[],"footnotes":""},"categories":[42,27,43,10],"tags":[],"class_list":["post-450784","post","type-post","status-publish","format-gallery","has-post-thumbnail","hentry","category-astronomie","category-ateliers","category-espace","category-manifestation","post_format-post-format-gallery","entry","has-media"],"_links":{"self":[{"href":"https:\/\/www.planete-sciences.org\/occitanie\/web\/wp-json\/wp\/v2\/posts\/450784","targetHints":{"allow":["GET"]}}],"collection":[{"href":"https:\/\/www.planete-sciences.org\/occitanie\/web\/wp-json\/wp\/v2\/posts"}],"about":[{"href":"https:\/\/www.planete-sciences.org\/occitanie\/web\/wp-json\/wp\/v2\/types\/post"}],"author":[{"embeddable":true,"href":"https:\/\/www.planete-sciences.org\/occitanie\/web\/wp-json\/wp\/v2\/users\/4"}],"replies":[{"embeddable":true,"href":"https:\/\/www.planete-sciences.org\/occitanie\/web\/wp-json\/wp\/v2\/comments?post=450784"}],"version-history":[{"count":1,"href":"https:\/\/www.planete-sciences.org\/occitanie\/web\/wp-json\/wp\/v2\/posts\/450784\/revisions"}],"predecessor-version":[{"id":2256826,"href":"https:\/\/www.planete-sciences.org\/occitanie\/web\/wp-json\/wp\/v2\/posts\/450784\/revisions\/2256826"}],"wp:featuredmedia":[{"embeddable":true,"href":"https:\/\/www.planete-sciences.org\/occitanie\/web\/wp-json\/wp\/v2\/media\/450859"}],"wp:attachment":[{"href":"https:\/\/www.planete-sciences.org\/occitanie\/web\/wp-json\/wp\/v2\/media?parent=450784"}],"wp:term":[{"taxonomy":"category","embeddable":true,"href":"https:\/\/www.planete-sciences.org\/occitanie\/web\/wp-json\/wp\/v2\/categories?post=450784"},{"taxonomy":"post_tag","embeddable":true,"href":"https:\/\/www.planete-sciences.org\/occitanie\/web\/wp-json\/wp\/v2\/tags?post=450784"}],"curies":[{"name":"wp","href":"https:\/\/api.w.org\/{rel}","templated":true}]}}