{"id":282301,"date":"2015-04-07T17:02:42","date_gmt":"2015-04-07T15:02:42","guid":{"rendered":"http:\/\/www.planete-sciences.org\/midi-pyrenees\/web\/?p=282301"},"modified":"2024-01-28T17:19:02","modified_gmt":"2024-01-28T16:19:02","slug":"ciel-en-fete-8-au-10-mai-cite-de-lespace-et-place-du-capitole","status":"publish","type":"post","link":"https:\/\/www.planete-sciences.org\/occitanie\/web\/ciel-en-fete-8-au-10-mai-cite-de-lespace-et-place-du-capitole\/","title":{"rendered":"Ciel en F\u00eate &#8211; 8 au 10 mai, Cit\u00e9 de l&rsquo;espace et place du capitole"},"content":{"rendered":"<h3>2015, 4<sup>e<\/sup> \u00e9dition de Ciel en F\u00eate\u2009!<\/h3>\n<p>Le festival vise \u00e0 rassembler le grand public, les astronomes amateurs et les professionnels autour du th\u00e8me de l\u2019astronomie et de l\u2019espace gr\u00e2ce \u00e0 de nombreuses activit\u00e9s et animations vari\u00e9es\u2009:<\/p>\n<ul>\n<li>Animations<\/li>\n<li>Ateliers pratiques et ludiques<\/li>\n<li>Salon du mat\u00e9riel astronomique<\/li>\n<li>Conf\u00e9rences<\/li>\n<li>S\u00e9ances de Plan\u00e9tarium<\/li>\n<li>Observations du ciel<\/li>\n<li>Un Troc\u2019Astro<\/li>\n<\/ul>\n<p>Pour la 4<sup>e<\/sup> \u00e9dition le th\u00e8me de la lumi\u00e8re a \u00e9t\u00e9 choisi comme fil conducteur \u00e0 l\u2019occasion de <strong><a href=\"http:\/\/www.lumiere2015.fr\/\" rel=\"noopener\">l\u2019Ann\u00e9e Internationale de la Lumi\u00e8re 2015<\/a><\/strong>. Le festival Ciel en F\u00eate aura lieu du vendredi 8 mai au dimanche 10 mai \u00e0 la Cit\u00e9 de l\u2019espace \u00e0 Toulouse, qui co-organise l\u2019\u00e9v\u00e9nement avec l\u2019association Ramip, compos\u00e9e des principaux acteurs, entreprises, clubs et associations de diffusion de l\u2019astronomie de la r\u00e9gion Midi-Pyr\u00e9n\u00e9es (dont Plan\u00e8te Sciences fait partie).<\/p>\n<p>L&rsquo;association proposera 3 ateliers (D\u00e9couverte de la Lumi\u00e8re, la Lumi\u00e8re et les Plan\u00e8tes, Fus\u00e9es \u00e0 eau) lors des deux journ\u00e9es grand public, et ses instruments seront pr\u00e9sents lors des deux grandes soir\u00e9es d&rsquo;observation.<\/p>\n<p>Plus d&rsquo;informations sur <a href=\"http:\/\/cielenfete.fr\/\" target=\"_blank\" rel=\"noopener\">cielenfete.fr<\/a><\/p>\n<p><strong>Acc\u00e8s libre et gratuit \u00e0 l\u2019ensemble au festival.<\/strong><\/p>\n<p><a href=\"https:\/\/www.planete-sciences.org\/occitanie\/web\/wp-content\/uploads\/2015\/04\/CielEnFete2015-A5-verso-FIN.jpg\"><img fetchpriority=\"high\" decoding=\"async\" class=\"aligncenter size-large wp-image-282302\" src=\"https:\/\/www.planete-sciences.org\/occitanie\/web\/wp-content\/uploads\/2015\/04\/CielEnFete2015-A5-verso-FIN-735x1024.jpg\" alt=\"CielEnFete2015-A5-verso-FIN\" width=\"474\" height=\"660\" srcset=\"https:\/\/www.planete-sciences.org\/occitanie\/web\/wp-content\/uploads\/2015\/04\/CielEnFete2015-A5-verso-FIN-735x1024.jpg 735w, https:\/\/www.planete-sciences.org\/occitanie\/web\/wp-content\/uploads\/2015\/04\/CielEnFete2015-A5-verso-FIN-215x300.jpg 215w, https:\/\/www.planete-sciences.org\/occitanie\/web\/wp-content\/uploads\/2015\/04\/CielEnFete2015-A5-verso-FIN-600x835.jpg 600w, https:\/\/www.planete-sciences.org\/occitanie\/web\/wp-content\/uploads\/2015\/04\/CielEnFete2015-A5-verso-FIN.jpg 1866w\" sizes=\"(max-width: 474px) 100vw, 474px\" \/><\/a> <a href=\"https:\/\/www.planete-sciences.org\/occitanie\/web\/wp-content\/uploads\/2015\/04\/CielEnFete2015-A5-recto-FIN.jpg\"><img decoding=\"async\" class=\"aligncenter size-large wp-image-282303\" src=\"https:\/\/www.planete-sciences.org\/occitanie\/web\/wp-content\/uploads\/2015\/04\/CielEnFete2015-A5-recto-FIN-735x1024.jpg\" alt=\"CielEnFete2015-A5-recto-FIN\" width=\"474\" height=\"660\" srcset=\"https:\/\/www.planete-sciences.org\/occitanie\/web\/wp-content\/uploads\/2015\/04\/CielEnFete2015-A5-recto-FIN-735x1024.jpg 735w, https:\/\/www.planete-sciences.org\/occitanie\/web\/wp-content\/uploads\/2015\/04\/CielEnFete2015-A5-recto-FIN-215x300.jpg 215w, https:\/\/www.planete-sciences.org\/occitanie\/web\/wp-content\/uploads\/2015\/04\/CielEnFete2015-A5-recto-FIN-600x835.jpg 600w, https:\/\/www.planete-sciences.org\/occitanie\/web\/wp-content\/uploads\/2015\/04\/CielEnFete2015-A5-recto-FIN.jpg 1866w\" sizes=\"(max-width: 474px) 100vw, 474px\" \/><\/a><\/p>\n<p>&nbsp; <\/p>\n","protected":false},"excerpt":{"rendered":"<p>2015, 4e \u00e9dition de Ciel en F\u00eate\u2009! Le festival vise \u00e0 rassembler le grand public, les astronomes amateurs et les professionnels autour du th\u00e8me de l\u2019astronomie et de l\u2019espace gr\u00e2ce \u00e0 de nombreuses activit\u00e9s et animations vari\u00e9es\u2009: Animations Ateliers pratiques et ludiques Salon du mat\u00e9riel astronomique Conf\u00e9rences S\u00e9ances de Plan\u00e9tarium Observations du ciel Un Troc\u2019Astro [&hellip;]<\/p>\n","protected":false},"author":13,"featured_media":0,"comment_status":"closed","ping_status":"open","sticky":false,"template":"","format":"gallery","meta":{"ocean_post_layout":"","ocean_both_sidebars_style":"","ocean_both_sidebars_content_width":0,"ocean_both_sidebars_sidebars_width":0,"ocean_sidebar":"","ocean_second_sidebar":"","ocean_disable_margins":"enable","ocean_add_body_class":"","ocean_shortcode_before_top_bar":"","ocean_shortcode_after_top_bar":"","ocean_shortcode_before_header":"","ocean_shortcode_after_header":"","ocean_has_shortcode":"","ocean_shortcode_after_title":"","ocean_shortcode_before_footer_widgets":"","ocean_shortcode_after_footer_widgets":"","ocean_shortcode_before_footer_bottom":"","ocean_shortcode_after_footer_bottom":"","ocean_display_top_bar":"default","ocean_display_header":"default","ocean_header_style":"","ocean_center_header_left_menu":"","ocean_custom_header_template":"","ocean_custom_logo":0,"ocean_custom_retina_logo":0,"ocean_custom_logo_max_width":0,"ocean_custom_logo_tablet_max_width":0,"ocean_custom_logo_mobile_max_width":0,"ocean_custom_logo_max_height":0,"ocean_custom_logo_tablet_max_height":0,"ocean_custom_logo_mobile_max_height":0,"ocean_header_custom_menu":"","ocean_menu_typo_font_family":"","ocean_menu_typo_font_subset":"","ocean_menu_typo_font_size":0,"ocean_menu_typo_font_size_tablet":0,"ocean_menu_typo_font_size_mobile":0,"ocean_menu_typo_font_size_unit":"px","ocean_menu_typo_font_weight":"","ocean_menu_typo_font_weight_tablet":"","ocean_menu_typo_font_weight_mobile":"","ocean_menu_typo_transform":"","ocean_menu_typo_transform_tablet":"","ocean_menu_typo_transform_mobile":"","ocean_menu_typo_line_height":0,"ocean_menu_typo_line_height_tablet":0,"ocean_menu_typo_line_height_mobile":0,"ocean_menu_typo_line_height_unit":"","ocean_menu_typo_spacing":0,"ocean_menu_typo_spacing_tablet":0,"ocean_menu_typo_spacing_mobile":0,"ocean_menu_typo_spacing_unit":"","ocean_menu_link_color":"","ocean_menu_link_color_hover":"","ocean_menu_link_color_active":"","ocean_menu_link_background":"","ocean_menu_link_hover_background":"","ocean_menu_link_active_background":"","ocean_menu_social_links_bg":"","ocean_menu_social_hover_links_bg":"","ocean_menu_social_links_color":"","ocean_menu_social_hover_links_color":"","ocean_disable_title":"default","ocean_disable_heading":"default","ocean_post_title":"","ocean_post_subheading":"","ocean_post_title_style":"","ocean_post_title_background_color":"","ocean_post_title_background":0,"ocean_post_title_bg_image_position":"","ocean_post_title_bg_image_attachment":"","ocean_post_title_bg_image_repeat":"","ocean_post_title_bg_image_size":"","ocean_post_title_height":0,"ocean_post_title_bg_overlay":0.5,"ocean_post_title_bg_overlay_color":"","ocean_disable_breadcrumbs":"default","ocean_breadcrumbs_color":"","ocean_breadcrumbs_separator_color":"","ocean_breadcrumbs_links_color":"","ocean_breadcrumbs_links_hover_color":"","ocean_display_footer_widgets":"default","ocean_display_footer_bottom":"default","ocean_custom_footer_template":"","_vp_format_video_url":"","_vp_image_focal_point":[],"ocean_post_oembed":"","ocean_post_self_hosted_media":"","ocean_post_video_embed":"","ocean_link_format":"","ocean_link_format_target":"self","ocean_quote_format":"","ocean_quote_format_link":"post","ocean_gallery_link_images":"on","ocean_gallery_id":[],"footnotes":""},"categories":[42,10],"tags":[],"class_list":["post-282301","post","type-post","status-publish","format-gallery","hentry","category-astronomie","category-manifestation","post_format-post-format-gallery","entry"],"_links":{"self":[{"href":"https:\/\/www.planete-sciences.org\/occitanie\/web\/wp-json\/wp\/v2\/posts\/282301","targetHints":{"allow":["GET"]}}],"collection":[{"href":"https:\/\/www.planete-sciences.org\/occitanie\/web\/wp-json\/wp\/v2\/posts"}],"about":[{"href":"https:\/\/www.planete-sciences.org\/occitanie\/web\/wp-json\/wp\/v2\/types\/post"}],"author":[{"embeddable":true,"href":"https:\/\/www.planete-sciences.org\/occitanie\/web\/wp-json\/wp\/v2\/users\/13"}],"replies":[{"embeddable":true,"href":"https:\/\/www.planete-sciences.org\/occitanie\/web\/wp-json\/wp\/v2\/comments?post=282301"}],"version-history":[{"count":1,"href":"https:\/\/www.planete-sciences.org\/occitanie\/web\/wp-json\/wp\/v2\/posts\/282301\/revisions"}],"predecessor-version":[{"id":2256838,"href":"https:\/\/www.planete-sciences.org\/occitanie\/web\/wp-json\/wp\/v2\/posts\/282301\/revisions\/2256838"}],"wp:attachment":[{"href":"https:\/\/www.planete-sciences.org\/occitanie\/web\/wp-json\/wp\/v2\/media?parent=282301"}],"wp:term":[{"taxonomy":"category","embeddable":true,"href":"https:\/\/www.planete-sciences.org\/occitanie\/web\/wp-json\/wp\/v2\/categories?post=282301"},{"taxonomy":"post_tag","embeddable":true,"href":"https:\/\/www.planete-sciences.org\/occitanie\/web\/wp-json\/wp\/v2\/tags?post=282301"}],"curies":[{"name":"wp","href":"https:\/\/api.w.org\/{rel}","templated":true}]}}