{"id":2259649,"date":"2025-04-10T13:00:12","date_gmt":"2025-04-10T11:00:12","guid":{"rendered":"https:\/\/www.planete-sciences.org\/occitanie\/web\/?p=2259649"},"modified":"2025-08-12T12:21:34","modified_gmt":"2025-08-12T10:21:34","slug":"lia-magie-supercherie-dinguerie-un-nouveau-format-de-conference-pour-parler-dia-au-grand-public","status":"publish","type":"post","link":"https:\/\/www.planete-sciences.org\/occitanie\/web\/lia-magie-supercherie-dinguerie-un-nouveau-format-de-conference-pour-parler-dia-au-grand-public\/","title":{"rendered":"L\u2019IA, magie ? supercherie ? dinguerie ? Un nouveau format de conf\u00e9rence pour parler d\u2019IA au grand public"},"content":{"rendered":"\t\t<div data-elementor-type=\"wp-post\" data-elementor-id=\"2259649\" class=\"elementor elementor-2259649\">\n\t\t\t\t\t\t<section class=\"elementor-section elementor-top-section elementor-element elementor-element-4b86d5d3 elementor-section-boxed elementor-section-height-default elementor-section-height-default\" data-id=\"4b86d5d3\" data-element_type=\"section\">\n\t\t\t\t\t\t<div class=\"elementor-container elementor-column-gap-default\">\n\t\t\t\t\t<div class=\"elementor-column elementor-col-100 elementor-top-column elementor-element elementor-element-7ab57172\" data-id=\"7ab57172\" data-element_type=\"column\">\n\t\t\t<div class=\"elementor-widget-wrap elementor-element-populated\">\n\t\t\t\t\t\t<div class=\"elementor-element elementor-element-600056cf elementor-widget elementor-widget-text-editor\" data-id=\"600056cf\" data-element_type=\"widget\" data-widget_type=\"text-editor.default\">\n\t\t\t\t<div class=\"elementor-widget-container\">\n\t\t\t\t\t\t\t\t\t<p>Dans le cadre de la<b> Semaine du Num\u00e9rique Responsable organis\u00e9e par le Sicoval<\/b>, nous avons particip\u00e9 \u00e0 une soir\u00e9e originale autour de <b>l&rsquo;intelligence artificielle (IA)<\/b> au tiers-lieu eco-responsable <b>Le Grenier de Castanet.<\/b> Cet \u00e9v\u00e9nement, m\u00ealant <b>vulgarisation scientifique, th\u00e9\u00e2tre, d\u00e9cryptage et d\u00e9bat citoyen<\/b>, visait \u00e0 d\u00e9mystifier l\u2019IA, d\u00e9construire les id\u00e9es re\u00e7ues et encourager une r\u00e9flexion critique et citoyenne sur le sujet.<\/p>\n<p><!-- \/wp:paragraph --><!-- wp:heading {\"level\":3} --><\/p>\n<h4 class=\"wp-block-heading\"><strong>Un \u00e9v\u00e9nement en trois actes<\/strong><\/h4>\n<p><!-- \/wp:heading --><!-- wp:paragraph --><\/p>\n<p>Initi\u00e9 par l\u2019agence de communication responsable Rose Primaire, cet \u00e9v\u00e9nement \u00e9tait construit autour de trois temps forts.<\/p>\n<p><!-- \/wp:paragraph --><!-- wp:heading {\"level\":3} --><\/p>\n<h3 class=\"wp-block-heading\"><strong>1. D\u00e9cryptage de l\u2019IA : histoire et fonctionnement<\/strong><\/h3>\n<p><!-- \/wp:heading --><!-- wp:paragraph --><\/p>\n<p>D\u00e8s l\u2019ouverture, Erick Pitard, directeur op\u00e9rationnel de Plan\u00e8te Sciences Occitanie, a invit\u00e9 le public \u00e0 explorer l\u2019histoire de l\u2019IA \u00e0 travers une frise chronologique. De l\u2019Antiquit\u00e9 et ses automates m\u00e9caniques \u00e0 la Machine analytique de Charles Babbage et Ada Lovelace au XIXe si\u00e8cle, en passant par la machine de Turing (1936) et la conf\u00e9rence de Dartmouth (1956), l\u2019IA a une longue histoire. Cette mise en perspective permettait de mieux comprendre les notions cl\u00e9s comme les algorithmes, le deep learning et les biais socioculturels.<\/p>\n<p><!-- \/wp:paragraph --><!-- wp:paragraph --><\/p>\n<p>Pour rendre ces concepts accessibles, plusieurs exp\u00e9riences ludiques ont \u00e9t\u00e9 propos\u00e9es, comme le jeu des cr\u00eapes algorithmiques, le jeu de Nim ou encore l\u2019exp\u00e9rience de la Teachable Machine. Une approche interactive qui permet \u00e0 chacun et chacune de se forger une opinion \u00e0 partir de donn\u00e9es scientifiques.<\/p>\n<p><!-- \/wp:paragraph --><!-- wp:heading {\"level\":3} --><\/p>\n<h3 class=\"wp-block-heading\"><strong>2. Le th\u00e9\u00e2tre pour questionner l\u2019IA<\/strong><\/h3>\n<p><!-- \/wp:heading --><!-- wp:paragraph --><\/p>\n<p>La soir\u00e9e s\u2019est poursuivie avec la troupe d\u2019improvisation \u00ab\u00a0Les Particules\u00a0\u00bb venue sp\u00e9cialement d\u2019Albi. Audrey et David ont jou\u00e9 trois sc\u00e9nettes, entre humour burlesque et dystopie, pour illustrer :<\/p>\n<p><!-- \/wp:paragraph --><!-- wp:list --><\/p>\n<ul class=\"wp-block-list\">\n<li style=\"list-style-type: none;\">\n<ul class=\"wp-block-list\"><!-- wp:list-item --><\/ul>\n<\/li>\n<\/ul>\n<p>\u00a0<\/p>\n<ul class=\"wp-block-list\">\n<li style=\"list-style-type: none;\">\n<ul class=\"wp-block-list\">\n<li>La difficult\u00e9 de l\u2019IA \u00e0 saisir la sensibilit\u00e9 du langage humain.<\/li>\n<\/ul>\n<\/li>\n<\/ul>\n<p><!-- \/wp:list-item --><!-- wp:list-item --><\/p>\n<ul class=\"wp-block-list\">\n<li style=\"list-style-type: none;\">\n<ul class=\"wp-block-list\">\n<li>L\u2019impact environnemental et soci\u00e9tal de l\u2019IA.<\/li>\n<\/ul>\n<\/li>\n<\/ul>\n<p><!-- \/wp:list-item --><!-- wp:list-item --><\/p>\n<ul class=\"wp-block-list\">\n<li style=\"list-style-type: none;\">\n<ul class=\"wp-block-list\">\n<li>Les limites de l\u2019IA face \u00e0 certaines questions humaines.<\/li>\n<\/ul>\n<\/li>\n<\/ul>\n<p><!-- \/wp:list-item --><\/p>\n<p><!-- \/wp:list --><!-- wp:paragraph --><\/p>\n<p>Chaque sc\u00e8ne servait de point de d\u00e9part pour une analyse de Jade Vincent, co-fondatrice de l\u2019agence de communication Rose Primaire, appuy\u00e9e par des \u00e9tudes et donn\u00e9es sur les impacts r\u00e9els de l\u2019IA. Le th\u00e9\u00e2tre, outil de r\u00e9flexion par excellence, a permis d\u2019aborder ces questions de mani\u00e8re engageante et accessible. Toutes les <a href=\"https:\/\/kdrive.infomaniak.com\/app\/share\/758339\/d9ce7a9a-2027-4a48-93cb-07e1caeeb880\" rel=\"noopener\">infos sur le d\u00e9cryptage \u00e0 retrouver ici<\/a> pour les personnes ayant particip\u00e9 \u00e0 la conf\u00e9rence le mardi 18 mars au Grenier de Castanet.<\/p>\n<p><!-- \/wp:paragraph --><!-- wp:heading {\"level\":3} --><\/p>\n<h3 class=\"wp-block-heading\"><strong>3. D\u00e9bat citoyen : questionner ensemble l\u2019avenir de l\u2019IA<\/strong><\/h3>\n<p><!-- \/wp:heading --><!-- wp:paragraph --><\/p>\n<p>Une vingtaine de participantes et participants ont pris part \u00e0 un d\u00e9bat riche en id\u00e9es et questionnements :<\/p>\n<p><!-- \/wp:paragraph --><!-- wp:list --><\/p>\n<ul class=\"wp-block-list\">\n<li style=\"list-style-type: none;\">\n<ul class=\"wp-block-list\"><!-- wp:list-item --><\/ul>\n<\/li>\n<\/ul>\n<p>\u00a0<\/p>\n<ul class=\"wp-block-list\">\n<li style=\"list-style-type: none;\">\n<ul class=\"wp-block-list\">\n<li>L\u2019IA peut-elle remplacer les enseignantes et enseignants ?<\/li>\n<\/ul>\n<\/li>\n<\/ul>\n<p><!-- \/wp:list-item --><!-- wp:list-item --><\/p>\n<ul class=\"wp-block-list\">\n<li style=\"list-style-type: none;\">\n<ul class=\"wp-block-list\">\n<li>Appauvrit-elle nos relations sociales ?<\/li>\n<\/ul>\n<\/li>\n<\/ul>\n<p><!-- \/wp:list-item --><!-- wp:list-item --><\/p>\n<ul class=\"wp-block-list\">\n<li style=\"list-style-type: none;\">\n<ul class=\"wp-block-list\">\n<li>Quelle place devons-nous lui accorder ?<\/li>\n<\/ul>\n<\/li>\n<\/ul>\n<p><!-- \/wp:list-item --><!-- wp:list-item --><\/p>\n<ul class=\"wp-block-list\">\n<li style=\"list-style-type: none;\">\n<ul class=\"wp-block-list\">\n<li>L\u2019IA est-elle neutre ?<\/li>\n<\/ul>\n<\/li>\n<\/ul>\n<p><!-- \/wp:list-item --><!-- wp:list-item --><\/p>\n<ul class=\"wp-block-list\">\n<li style=\"list-style-type: none;\">\n<ul class=\"wp-block-list\">\n<li>Quel r\u00f4le ont les \u00c9tats et les citoyennes et citoyens dans son d\u00e9veloppement et son encadrement ?<\/li>\n<\/ul>\n<\/li>\n<\/ul>\n<p><!-- \/wp:list-item --><!-- wp:list-item --><\/p>\n<ul class=\"wp-block-list\">\n<li style=\"list-style-type: none;\">\n<ul class=\"wp-block-list\">\n<li>Comment sensibiliser le plus grand nombre \u00e0 ses enjeux ?<\/li>\n<\/ul>\n<\/li>\n<\/ul>\n<p><!-- \/wp:list-item --><!-- wp:list-item --><\/p>\n<ul class=\"wp-block-list\">\n<li style=\"list-style-type: none;\">\n<ul class=\"wp-block-list\">\n<li>Peut-on imaginer une soci\u00e9t\u00e9 plus sobre num\u00e9riquement ?<\/li>\n<\/ul>\n<\/li>\n<\/ul>\n<p><!-- \/wp:list-item --><\/p>\n<p><!-- \/wp:list --><!-- wp:paragraph --><\/p>\n<p>Un \u00e9change dynamique qui a permis de croiser les points de vue et d\u2019imaginer ensemble des pistes de r\u00e9flexion pour un avenir plus \u00e9clair\u00e9.<\/p>\n<p><!-- \/wp:paragraph --><!-- wp:heading {\"level\":4} --><\/p>\n<h4 class=\"wp-block-heading\"><strong>Envie d\u2019aller plus loin ?<\/strong><\/h4>\n<p><!-- \/wp:heading --><!-- wp:paragraph --><\/p>\n<p>Une liste de ressources (livres, documentaires, outils p\u00e9dagogiques) est disponible <a href=\"https:\/\/rose-primaire.notion.site\/Bibliographie-sur-l-IA-13424b3028fc80d794ead219f07520a4\" rel=\"noopener\">en t\u00e9l\u00e9chargement pour approfondir le sujet<\/a>. Car comprendre, c\u2019est d\u00e9j\u00e0 agir !<\/p>\n<p><!-- \/wp:paragraph --><!-- wp:paragraph --><\/p>\n<p><b>Collectivit\u00e9s territoriales, espaces socio-culturels, tiers-lieux, organisateurs d\u2019\u00e9v\u00e9nements, nous proposons d\u2019animer cette conf\u00e9rence au sein de vos structures ou de l\u2019int\u00e9grer \u00e0 votre programmation \u00e9v\u00e9nementielle.<\/b><\/p>\n<p><i>&gt;&gt;&gt; Contactez nous par mail pour plus d\u2019information\u00a0:\u00a0<\/i><a style=\"font-size: 14px; background-color: #ffffff;\" href=\"mailto:morgane.bouterre@planete-sciences.org\" target=\"_blank\" rel=\"noopener\">morgane.bouterre@planete-sciences.org<\/a><\/p>\n<ul>\n<li><a href=\"mailto:https:\/\/roseprimaire.com\/realisations\/animation-tiers-lieux-numerique-responsable\/\">Plus d\u2019information sur Rose Primaire, agence de communication responsable qui anime \u00e9galement le tiers-lieu Le Rucher Port\u00e9sien<\/a>.<\/li>\n<li><a href=\"mailto:https:\/\/legrenier.cafe\/\">Plus d\u2019information sur le tiers-lieu \u00e9co-responsable Le Grenier de Castanet et B\u00e9rang\u00e8re la coordinatrice de projet que nous remercions pour son accueil<\/a><\/li>\n<li><a href=\"mailto:https:\/\/www.sicoval.fr\/vivre-ensemble\/un-territoire-pour-tous\/inclusion-numerique\/\">Plus d\u2019information sur le Sicoval qui organise entre autre, la semaine du num\u00e9rique responsable sur son territoire<\/a><\/li>\n<li><a href=\"mailto:https:\/\/www.planete-sciences.org\/occitanie\/web\/\">Plus d\u2019information sur Plan\u00e8te Sciences Occitanie qui, entre autre, anime des ateliers de d\u00e9couverte et des ateliers pratiques sur l\u2019IA<\/a><\/li>\n<\/ul>\n<p><!-- \/wp:paragraph --><!-- wp:paragraph --><\/p>\n<p><!-- \/wp:paragraph --><!-- wp:paragraph --><\/p>\n<p><!-- \/wp:paragraph --><!-- wp:paragraph --><\/p>\n<p><!-- \/wp:paragraph --><\/p>\t\t\t\t\t\t\t\t<\/div>\n\t\t\t\t<\/div>\n\t\t\t\t\t<\/div>\n\t\t<\/div>\n\t\t\t\t\t<\/div>\n\t\t<\/section>\n\t\t\t\t<section class=\"elementor-section elementor-top-section elementor-element elementor-element-fd638d4 elementor-section-boxed elementor-section-height-default elementor-section-height-default\" data-id=\"fd638d4\" data-element_type=\"section\">\n\t\t\t\t\t\t<div class=\"elementor-container elementor-column-gap-default\">\n\t\t\t\t\t<div class=\"elementor-column elementor-col-50 elementor-top-column elementor-element elementor-element-29ac2ea\" data-id=\"29ac2ea\" data-element_type=\"column\">\n\t\t\t<div class=\"elementor-widget-wrap elementor-element-populated\">\n\t\t\t\t\t\t<div class=\"elementor-element elementor-element-4651a01 elementor-align-center elementor-widget elementor-widget-button\" data-id=\"4651a01\" data-element_type=\"widget\" data-widget_type=\"button.default\">\n\t\t\t\t<div class=\"elementor-widget-container\">\n\t\t\t\t\t\t\t\t\t<div class=\"elementor-button-wrapper\">\n\t\t\t\t\t<a class=\"elementor-button elementor-button-link elementor-size-sm\" href=\"https:\/\/www.planete-sciences.org\/occitanie\/web\/wp-content\/uploads\/2025\/03\/Camion-Numerique-catalogue-dateliers-2025.pdf\" target=\"_blank\">\n\t\t\t\t\t\t<span class=\"elementor-button-content-wrapper\">\n\t\t\t\t\t\t<span class=\"elementor-button-icon\">\n\t\t\t\t<i aria-hidden=\"true\" class=\"fas fa-book-open\"><\/i>\t\t\t<\/span>\n\t\t\t\t\t\t\t\t\t<span class=\"elementor-button-text\">Catalogue d'ateliers du Camion Num\u00e9rique<\/span>\n\t\t\t\t\t<\/span>\n\t\t\t\t\t<\/a>\n\t\t\t\t<\/div>\n\t\t\t\t\t\t\t\t<\/div>\n\t\t\t\t<\/div>\n\t\t\t\t\t<\/div>\n\t\t<\/div>\n\t\t\t\t<div class=\"elementor-column elementor-col-50 elementor-top-column elementor-element elementor-element-b66843c\" data-id=\"b66843c\" data-element_type=\"column\">\n\t\t\t<div class=\"elementor-widget-wrap elementor-element-populated\">\n\t\t\t\t\t\t<div class=\"elementor-element elementor-element-99bf0fd elementor-align-center elementor-widget elementor-widget-button\" data-id=\"99bf0fd\" data-element_type=\"widget\" data-widget_type=\"button.default\">\n\t\t\t\t<div class=\"elementor-widget-container\">\n\t\t\t\t\t\t\t\t\t<div class=\"elementor-button-wrapper\">\n\t\t\t\t\t<a class=\"elementor-button elementor-button-link elementor-size-sm\" href=\"https:\/\/www.planete-sciences.org\/occitanie\/web\/wp-content\/uploads\/2025\/01\/Catalogue-dactivites-2025_VF.pdf\" target=\"_blank\">\n\t\t\t\t\t\t<span class=\"elementor-button-content-wrapper\">\n\t\t\t\t\t\t<span class=\"elementor-button-icon\">\n\t\t\t\t<i aria-hidden=\"true\" class=\"fas fa-pen\"><\/i>\t\t\t<\/span>\n\t\t\t\t\t\t\t\t\t<span class=\"elementor-button-text\">Catalogue d'activit\u00e9s scientifiques<\/span>\n\t\t\t\t\t<\/span>\n\t\t\t\t\t<\/a>\n\t\t\t\t<\/div>\n\t\t\t\t\t\t\t\t<\/div>\n\t\t\t\t<\/div>\n\t\t\t\t\t<\/div>\n\t\t<\/div>\n\t\t\t\t\t<\/div>\n\t\t<\/section>\n\t\t\t\t<\/div>\n\t\t","protected":false},"excerpt":{"rendered":"<p>Dans le cadre de la Semaine du Num\u00e9rique Responsable organis\u00e9e par le Sicoval, nous avons particip\u00e9 \u00e0 une soir\u00e9e originale autour de l&rsquo;intelligence artificielle (IA) au tiers-lieu eco-responsable Le Grenier de Castanet. Cet \u00e9v\u00e9nement, m\u00ealant vulgarisation scientifique, th\u00e9\u00e2tre, d\u00e9cryptage et d\u00e9bat citoyen, visait \u00e0 d\u00e9mystifier l\u2019IA, d\u00e9construire les id\u00e9es re\u00e7ues et encourager une r\u00e9flexion critique [&hellip;]<\/p>\n","protected":false},"author":9,"featured_media":2259688,"comment_status":"closed","ping_status":"closed","sticky":false,"template":"","format":"standard","meta":{"ocean_post_layout":"","ocean_both_sidebars_style":"","ocean_both_sidebars_content_width":0,"ocean_both_sidebars_sidebars_width":0,"ocean_sidebar":"","ocean_second_sidebar":"","ocean_disable_margins":"enable","ocean_add_body_class":"","ocean_shortcode_before_top_bar":"","ocean_shortcode_after_top_bar":"","ocean_shortcode_before_header":"","ocean_shortcode_after_header":"","ocean_has_shortcode":"","ocean_shortcode_after_title":"","ocean_shortcode_before_footer_widgets":"","ocean_shortcode_after_footer_widgets":"","ocean_shortcode_before_footer_bottom":"","ocean_shortcode_after_footer_bottom":"","ocean_display_top_bar":"default","ocean_display_header":"default","ocean_header_style":"","ocean_center_header_left_menu":"","ocean_custom_header_template":"","ocean_custom_logo":0,"ocean_custom_retina_logo":0,"ocean_custom_logo_max_width":0,"ocean_custom_logo_tablet_max_width":0,"ocean_custom_logo_mobile_max_width":0,"ocean_custom_logo_max_height":0,"ocean_custom_logo_tablet_max_height":0,"ocean_custom_logo_mobile_max_height":0,"ocean_header_custom_menu":"","ocean_menu_typo_font_family":"","ocean_menu_typo_font_subset":"","ocean_menu_typo_font_size":0,"ocean_menu_typo_font_size_tablet":0,"ocean_menu_typo_font_size_mobile":0,"ocean_menu_typo_font_size_unit":"px","ocean_menu_typo_font_weight":"","ocean_menu_typo_font_weight_tablet":"","ocean_menu_typo_font_weight_mobile":"","ocean_menu_typo_transform":"","ocean_menu_typo_transform_tablet":"","ocean_menu_typo_transform_mobile":"","ocean_menu_typo_line_height":0,"ocean_menu_typo_line_height_tablet":0,"ocean_menu_typo_line_height_mobile":0,"ocean_menu_typo_line_height_unit":"","ocean_menu_typo_spacing":0,"ocean_menu_typo_spacing_tablet":0,"ocean_menu_typo_spacing_mobile":0,"ocean_menu_typo_spacing_unit":"","ocean_menu_link_color":"","ocean_menu_link_color_hover":"","ocean_menu_link_color_active":"","ocean_menu_link_background":"","ocean_menu_link_hover_background":"","ocean_menu_link_active_background":"","ocean_menu_social_links_bg":"","ocean_menu_social_hover_links_bg":"","ocean_menu_social_links_color":"","ocean_menu_social_hover_links_color":"","ocean_disable_title":"default","ocean_disable_heading":"default","ocean_post_title":"","ocean_post_subheading":"","ocean_post_title_style":"","ocean_post_title_background_color":"","ocean_post_title_background":0,"ocean_post_title_bg_image_position":"","ocean_post_title_bg_image_attachment":"","ocean_post_title_bg_image_repeat":"","ocean_post_title_bg_image_size":"","ocean_post_title_height":0,"ocean_post_title_bg_overlay":0.5,"ocean_post_title_bg_overlay_color":"","ocean_disable_breadcrumbs":"default","ocean_breadcrumbs_color":"","ocean_breadcrumbs_separator_color":"","ocean_breadcrumbs_links_color":"","ocean_breadcrumbs_links_hover_color":"","ocean_display_footer_widgets":"default","ocean_display_footer_bottom":"default","ocean_custom_footer_template":"","_vp_format_video_url":"","_vp_image_focal_point":[],"ocean_post_oembed":"","ocean_post_self_hosted_media":"","ocean_post_video_embed":"","ocean_link_format":"","ocean_link_format_target":"self","ocean_quote_format":"","ocean_quote_format_link":"post","ocean_gallery_link_images":"on","ocean_gallery_id":[],"footnotes":""},"categories":[26,11],"tags":[89,45],"class_list":["post-2259649","post","type-post","status-publish","format-standard","has-post-thumbnail","hentry","category-actualites","category-planete-sciences","tag-ia","tag-robotique","entry","has-media"],"_links":{"self":[{"href":"https:\/\/www.planete-sciences.org\/occitanie\/web\/wp-json\/wp\/v2\/posts\/2259649","targetHints":{"allow":["GET"]}}],"collection":[{"href":"https:\/\/www.planete-sciences.org\/occitanie\/web\/wp-json\/wp\/v2\/posts"}],"about":[{"href":"https:\/\/www.planete-sciences.org\/occitanie\/web\/wp-json\/wp\/v2\/types\/post"}],"author":[{"embeddable":true,"href":"https:\/\/www.planete-sciences.org\/occitanie\/web\/wp-json\/wp\/v2\/users\/9"}],"replies":[{"embeddable":true,"href":"https:\/\/www.planete-sciences.org\/occitanie\/web\/wp-json\/wp\/v2\/comments?post=2259649"}],"version-history":[{"count":25,"href":"https:\/\/www.planete-sciences.org\/occitanie\/web\/wp-json\/wp\/v2\/posts\/2259649\/revisions"}],"predecessor-version":[{"id":2259727,"href":"https:\/\/www.planete-sciences.org\/occitanie\/web\/wp-json\/wp\/v2\/posts\/2259649\/revisions\/2259727"}],"wp:featuredmedia":[{"embeddable":true,"href":"https:\/\/www.planete-sciences.org\/occitanie\/web\/wp-json\/wp\/v2\/media\/2259688"}],"wp:attachment":[{"href":"https:\/\/www.planete-sciences.org\/occitanie\/web\/wp-json\/wp\/v2\/media?parent=2259649"}],"wp:term":[{"taxonomy":"category","embeddable":true,"href":"https:\/\/www.planete-sciences.org\/occitanie\/web\/wp-json\/wp\/v2\/categories?post=2259649"},{"taxonomy":"post_tag","embeddable":true,"href":"https:\/\/www.planete-sciences.org\/occitanie\/web\/wp-json\/wp\/v2\/tags?post=2259649"}],"curies":[{"name":"wp","href":"https:\/\/api.w.org\/{rel}","templated":true}]}}