{"id":1156102,"date":"2018-07-10T14:47:28","date_gmt":"2018-07-10T12:47:28","guid":{"rendered":"http:\/\/www.planete-sciences.org\/midi-pyrenees\/web\/?p=1156102"},"modified":"2024-01-16T19:40:13","modified_gmt":"2024-01-16T18:40:13","slug":"esof-2018-festival-science-in-the-city-au-fbriquet","status":"publish","type":"post","link":"https:\/\/www.planete-sciences.org\/occitanie\/web\/esof-2018-festival-science-in-the-city-au-fbriquet\/","title":{"rendered":"ESOF 2018 &#8211; Festival Science in the City au F@bRiquet !"},"content":{"rendered":"<p>Plan\u00e8te Sciences Occitanie avec son fablab \u00e9ducatif et social, le F@bRiquet, se joint \u00e0 l\u2019ESOF 2018 lors du festival Science in the City avec 3 \u00e9v\u00e9nements vraiment sp\u00e9ciaux !<\/p>\n<p><img fetchpriority=\"high\" decoding=\"async\" class=\"alignnone size-medium wp-image-1156099\" src=\"https:\/\/www.planete-sciences.org\/occitanie\/web\/wp-content\/uploads\/2018\/07\/Les-Fabd\u00e9fis-le-F@briquet-visuel-avec-logo-211x300.png\" alt=\"\" width=\"211\" height=\"300\" srcset=\"https:\/\/www.planete-sciences.org\/occitanie\/web\/wp-content\/uploads\/2018\/07\/Les-Fabd\u00e9fis-le-F@briquet-visuel-avec-logo-211x300.png 211w, https:\/\/www.planete-sciences.org\/occitanie\/web\/wp-content\/uploads\/2018\/07\/Les-Fabd\u00e9fis-le-F@briquet-visuel-avec-logo-768x1090.png 768w, https:\/\/www.planete-sciences.org\/occitanie\/web\/wp-content\/uploads\/2018\/07\/Les-Fabd\u00e9fis-le-F@briquet-visuel-avec-logo-722x1024.png 722w, https:\/\/www.planete-sciences.org\/occitanie\/web\/wp-content\/uploads\/2018\/07\/Les-Fabd\u00e9fis-le-F@briquet-visuel-avec-logo-600x851.png 600w, https:\/\/www.planete-sciences.org\/occitanie\/web\/wp-content\/uploads\/2018\/07\/Les-Fabd\u00e9fis-le-F@briquet-visuel-avec-logo-1320x1873.png 1320w, https:\/\/www.planete-sciences.org\/occitanie\/web\/wp-content\/uploads\/2018\/07\/Les-Fabd\u00e9fis-le-F@briquet-visuel-avec-logo.png 1748w\" sizes=\"(max-width: 211px) 100vw, 211px\" \/><\/p>\n<p><strong>Fabd\u00e9fis 7-14 Juillet (6\/17 ans)<\/strong><\/p>\n<p>Tu as l\u2019\u00e2me d\u2019un scientifique ? La logique d\u2019un ing\u00e9nieur ? Viens d\u00e9fier tes connaissances en t\u2019amusant autour de 5 d\u00e9fis scientifiques au F@bRiquet !<\/p>\n<p>Sam. 7 juil. (14-17h) : Visite guid\u00e9e du F@bRiquet.<br \/>\nMar. 10 juil. (14-17h) : Comprendre l\u2019\u00e9lectricit\u00e9, \u00e7a te tente ?<br \/>\nIntroduction \u00e0 la fabrication num\u00e9rique par Dijijeunes<br \/>\nMer. 11juil. (14-17h) : Sauras-tu reproduire la forme qui a g\u00e9n\u00e9r\u00e9 cette ombre ?<br \/>\nInitiation \u00e0 la programmation visuelle par Dijeunes<br \/>\nJe. 12 juil. (14-17h) : Programmer un minitel, 3615 cod\u00e9 !<br \/>\nVen.13 juil. (14-17h) : Dompter le boum\u2019bot, d\u00e9fi accept\u00e9 ?<br \/>\nSam. 14 juil. (14-17h) : Pr\u00eat \u00e0 copier un objet avec un stylo 3D ?<\/p>\n<p>R\u00e9servation obligatoire pour int\u00e9grer les sessions d\u2019une heure (10 personnes par atelier). Animation gratuite<\/p>\n<p><img decoding=\"async\" class=\"alignnone size-medium wp-image-1156097\" src=\"https:\/\/www.planete-sciences.org\/occitanie\/web\/wp-content\/uploads\/2018\/07\/conf\u00e9rence-nicolas-beck-212x300.png\" alt=\"\" width=\"212\" height=\"300\" srcset=\"https:\/\/www.planete-sciences.org\/occitanie\/web\/wp-content\/uploads\/2018\/07\/conf\u00e9rence-nicolas-beck-212x300.png 212w, https:\/\/www.planete-sciences.org\/occitanie\/web\/wp-content\/uploads\/2018\/07\/conf\u00e9rence-nicolas-beck-768x1086.png 768w, https:\/\/www.planete-sciences.org\/occitanie\/web\/wp-content\/uploads\/2018\/07\/conf\u00e9rence-nicolas-beck-724x1024.png 724w, https:\/\/www.planete-sciences.org\/occitanie\/web\/wp-content\/uploads\/2018\/07\/conf\u00e9rence-nicolas-beck-600x849.png 600w, https:\/\/www.planete-sciences.org\/occitanie\/web\/wp-content\/uploads\/2018\/07\/conf\u00e9rence-nicolas-beck-1320x1867.png 1320w\" sizes=\"(max-width: 212px) 100vw, 212px\" \/><\/p>\n<p><strong>Conf\u00e9rence par Nicolas Beck \u00ab\u00a0Vulgariser les sciences, est-ce possible ?\u00a0\u00bb, mardi 10 juillet \u00e0 18h00.<\/strong><\/p>\n<p>Pour f\u00eater la science, notre fablab propose une conf\u00e9rence anim\u00e9 par Nicolas Beck\u00a0 \u00ab\u00a0Vulgariser les sciences, est-ce possible ?\u00a0\u00bb Il proposera un aper\u00e7u global de la vulgarisation : son histoire, ses enjeux, ses publics, ses outils.<\/p>\n<p><img decoding=\"async\" class=\"alignnone size-medium wp-image-1156101\" src=\"https:\/\/www.planete-sciences.org\/occitanie\/web\/wp-content\/uploads\/2018\/07\/Le-F@briquet-Conf\u00e9rence-dimension-visuel-sans-infos-et-logos-211x300.png\" alt=\"\" width=\"211\" height=\"300\" srcset=\"https:\/\/www.planete-sciences.org\/occitanie\/web\/wp-content\/uploads\/2018\/07\/Le-F@briquet-Conf\u00e9rence-dimension-visuel-sans-infos-et-logos-211x300.png 211w, https:\/\/www.planete-sciences.org\/occitanie\/web\/wp-content\/uploads\/2018\/07\/Le-F@briquet-Conf\u00e9rence-dimension-visuel-sans-infos-et-logos-768x1090.png 768w, https:\/\/www.planete-sciences.org\/occitanie\/web\/wp-content\/uploads\/2018\/07\/Le-F@briquet-Conf\u00e9rence-dimension-visuel-sans-infos-et-logos-722x1024.png 722w, https:\/\/www.planete-sciences.org\/occitanie\/web\/wp-content\/uploads\/2018\/07\/Le-F@briquet-Conf\u00e9rence-dimension-visuel-sans-infos-et-logos-600x851.png 600w, https:\/\/www.planete-sciences.org\/occitanie\/web\/wp-content\/uploads\/2018\/07\/Le-F@briquet-Conf\u00e9rence-dimension-visuel-sans-infos-et-logos-1320x1873.png 1320w, https:\/\/www.planete-sciences.org\/occitanie\/web\/wp-content\/uploads\/2018\/07\/Le-F@briquet-Conf\u00e9rence-dimension-visuel-sans-infos-et-logos.png 1748w\" sizes=\"(max-width: 211px) 100vw, 211px\" \/><\/p>\n<p><strong>Conf\u00e9rence par J. Tixador et A. Ruiz-Scorletti \u00ab\u00a0Vulgariser les sciences, est-ce possible ?\u00a0\u00bb, jeudi 12 juillet \u00e0 18h00.<\/strong><\/p>\n<p>Notre fablab propose une conf\u00e9rence autour de la rencontre entre son fabmanager et son charg\u00e9 de communication. Quand l\u2019un pense en deux dimensions, l\u2019autre l\u2019image en trois dimensions, l\u2019un l\u2019imprime et l\u2019autre le r\u00e9alise\u2026 Le fablab permet de se laisser porter \u00e0 travers les dimensions. Repenser le r\u00e9el autour de la fusion des comp\u00e9tences, des connaissances et de l\u2019humain dans un tiers-lieu, voil\u00e0 le F@bRiquet, voil\u00e0 leurs histoires. <\/p>\n","protected":false},"excerpt":{"rendered":"<p>Plan\u00e8te Sciences Occitanie avec son fablab \u00e9ducatif et social, le F@bRiquet, se joint \u00e0 l\u2019ESOF 2018 lors du festival Science in the City avec 3 \u00e9v\u00e9nements vraiment sp\u00e9ciaux ! Fabd\u00e9fis 7-14 Juillet (6\/17 ans) Tu as l\u2019\u00e2me d\u2019un scientifique ? La logique d\u2019un ing\u00e9nieur ? Viens d\u00e9fier tes connaissances en t\u2019amusant autour de 5 d\u00e9fis [&hellip;]<\/p>\n","protected":false},"author":3,"featured_media":0,"comment_status":"closed","ping_status":"open","sticky":false,"template":"","format":"gallery","meta":{"ocean_post_layout":"","ocean_both_sidebars_style":"","ocean_both_sidebars_content_width":0,"ocean_both_sidebars_sidebars_width":0,"ocean_sidebar":"","ocean_second_sidebar":"","ocean_disable_margins":"enable","ocean_add_body_class":"","ocean_shortcode_before_top_bar":"","ocean_shortcode_after_top_bar":"","ocean_shortcode_before_header":"","ocean_shortcode_after_header":"","ocean_has_shortcode":"","ocean_shortcode_after_title":"","ocean_shortcode_before_footer_widgets":"","ocean_shortcode_after_footer_widgets":"","ocean_shortcode_before_footer_bottom":"","ocean_shortcode_after_footer_bottom":"","ocean_display_top_bar":"default","ocean_display_header":"default","ocean_header_style":"","ocean_center_header_left_menu":"","ocean_custom_header_template":"","ocean_custom_logo":0,"ocean_custom_retina_logo":0,"ocean_custom_logo_max_width":0,"ocean_custom_logo_tablet_max_width":0,"ocean_custom_logo_mobile_max_width":0,"ocean_custom_logo_max_height":0,"ocean_custom_logo_tablet_max_height":0,"ocean_custom_logo_mobile_max_height":0,"ocean_header_custom_menu":"","ocean_menu_typo_font_family":"","ocean_menu_typo_font_subset":"","ocean_menu_typo_font_size":0,"ocean_menu_typo_font_size_tablet":0,"ocean_menu_typo_font_size_mobile":0,"ocean_menu_typo_font_size_unit":"px","ocean_menu_typo_font_weight":"","ocean_menu_typo_font_weight_tablet":"","ocean_menu_typo_font_weight_mobile":"","ocean_menu_typo_transform":"","ocean_menu_typo_transform_tablet":"","ocean_menu_typo_transform_mobile":"","ocean_menu_typo_line_height":0,"ocean_menu_typo_line_height_tablet":0,"ocean_menu_typo_line_height_mobile":0,"ocean_menu_typo_line_height_unit":"","ocean_menu_typo_spacing":0,"ocean_menu_typo_spacing_tablet":0,"ocean_menu_typo_spacing_mobile":0,"ocean_menu_typo_spacing_unit":"","ocean_menu_link_color":"","ocean_menu_link_color_hover":"","ocean_menu_link_color_active":"","ocean_menu_link_background":"","ocean_menu_link_hover_background":"","ocean_menu_link_active_background":"","ocean_menu_social_links_bg":"","ocean_menu_social_hover_links_bg":"","ocean_menu_social_links_color":"","ocean_menu_social_hover_links_color":"","ocean_disable_title":"default","ocean_disable_heading":"default","ocean_post_title":"","ocean_post_subheading":"","ocean_post_title_style":"","ocean_post_title_background_color":"","ocean_post_title_background":0,"ocean_post_title_bg_image_position":"","ocean_post_title_bg_image_attachment":"","ocean_post_title_bg_image_repeat":"","ocean_post_title_bg_image_size":"","ocean_post_title_height":0,"ocean_post_title_bg_overlay":0.5,"ocean_post_title_bg_overlay_color":"","ocean_disable_breadcrumbs":"default","ocean_breadcrumbs_color":"","ocean_breadcrumbs_separator_color":"","ocean_breadcrumbs_links_color":"","ocean_breadcrumbs_links_hover_color":"","ocean_display_footer_widgets":"default","ocean_display_footer_bottom":"default","ocean_custom_footer_template":"","_vp_format_video_url":"","_vp_image_focal_point":[],"ocean_post_oembed":"","ocean_post_self_hosted_media":"","ocean_post_video_embed":"","ocean_link_format":"","ocean_link_format_target":"self","ocean_quote_format":"","ocean_quote_format_link":"post","ocean_gallery_link_images":"on","ocean_gallery_id":[],"footnotes":""},"categories":[9],"tags":[],"class_list":["post-1156102","post","type-post","status-publish","format-gallery","hentry","category-fablab","post_format-post-format-gallery","entry"],"_links":{"self":[{"href":"https:\/\/www.planete-sciences.org\/occitanie\/web\/wp-json\/wp\/v2\/posts\/1156102","targetHints":{"allow":["GET"]}}],"collection":[{"href":"https:\/\/www.planete-sciences.org\/occitanie\/web\/wp-json\/wp\/v2\/posts"}],"about":[{"href":"https:\/\/www.planete-sciences.org\/occitanie\/web\/wp-json\/wp\/v2\/types\/post"}],"author":[{"embeddable":true,"href":"https:\/\/www.planete-sciences.org\/occitanie\/web\/wp-json\/wp\/v2\/users\/3"}],"replies":[{"embeddable":true,"href":"https:\/\/www.planete-sciences.org\/occitanie\/web\/wp-json\/wp\/v2\/comments?post=1156102"}],"version-history":[{"count":1,"href":"https:\/\/www.planete-sciences.org\/occitanie\/web\/wp-json\/wp\/v2\/posts\/1156102\/revisions"}],"predecessor-version":[{"id":2256141,"href":"https:\/\/www.planete-sciences.org\/occitanie\/web\/wp-json\/wp\/v2\/posts\/1156102\/revisions\/2256141"}],"wp:attachment":[{"href":"https:\/\/www.planete-sciences.org\/occitanie\/web\/wp-json\/wp\/v2\/media?parent=1156102"}],"wp:term":[{"taxonomy":"category","embeddable":true,"href":"https:\/\/www.planete-sciences.org\/occitanie\/web\/wp-json\/wp\/v2\/categories?post=1156102"},{"taxonomy":"post_tag","embeddable":true,"href":"https:\/\/www.planete-sciences.org\/occitanie\/web\/wp-json\/wp\/v2\/tags?post=1156102"}],"curies":[{"name":"wp","href":"https:\/\/api.w.org\/{rel}","templated":true}]}}