{"id":5238,"date":"2024-07-10T09:59:09","date_gmt":"2024-07-10T07:59:09","guid":{"rendered":"https:\/\/www.planete-sciences.org\/national\/?p=5238"},"modified":"2025-03-11T12:06:39","modified_gmt":"2025-03-11T11:06:39","slug":"evenement-de-restitution-du-projet-trophees-des-makers-a-lespace-des-sciences-et-de-decouverte","status":"publish","type":"post","link":"https:\/\/www.planete-sciences.org\/national\/2024\/07\/10\/evenement-de-restitution-du-projet-trophees-des-makers-a-lespace-des-sciences-et-de-decouverte\/","title":{"rendered":"Ev\u00e9nement de restitution du projet \u00ab Troph\u00e9es des Makers \u00bb, \u00e0 l\u2019Espace des Sciences et de D\u00e9couverte"},"content":{"rendered":"<p>Soutenu par la <a href=\"https:\/\/www.fondationorange.com\/fr\">Fondation Orange<\/a> et la\u00a0<a href=\"https:\/\/www.iledefrance.fr\/\">R\u00e9gion Ile-de-France<\/a>, \u00ab\u00a0Troph\u00e9es des Makers\u00a0\u00bb 2023-2024 a permis \u00e0\u00a019 jeunes<strong>\u00a0<\/strong>de 16 \u00e0 25 ans de b\u00e9n\u00e9ficier d\u2019un parcours technique, autour de la\u00a0fabrication num\u00e9rique. Cette formation \u00e0 l\u2019univers des FabLabs a aussi amen\u00e9 les apprentis\u00a0<em>makers<\/em>\u00a0\u00e0 s\u2019initier \u00e0 la\u00a0robotique\u00a0puisque le parcours s\u2019appuie sur le cahier des charges de la\u00a0<a href=\"https:\/\/www.coupederobotique.fr\/\">Coupe de Robotique Junior<\/a>, \u00e9v\u00e9nement organis\u00e9 par le r\u00e9seau Plan\u00e8te Sciences, avec la r\u00e9alisation d\u2019un robot filo-guid\u00e9. Deux parcours\u00a0\u00e9taient propos\u00e9s\u00a0: \u00ab\u00a0Coupe de Robotique Junior\u00a0\u00bb (projet long) et \u00ab\u00a0Apprentis Makers\u00a0\u00bb (stage intensif).<\/p>\n<p>Le premier a \u00e9t\u00e9 suivi par un groupe du\u00a0<a href=\"https:\/\/www.epide.fr\/\">Centre EPIDE<\/a> de Br\u00e9tigny-sur-Orge (91), avec une dizaine de s\u00e9ances hebdomadaires r\u00e9parties de novembre 2023 \u00e0 f\u00e9vrier 2024. Les participants ont pu concourir \u00e0 la Coupe de Robotique Junior \u2026 et se sont qualifi\u00e9s pour l\u2019\u00e9v\u00e9nement national qui se d\u00e9roulera en mai \u00e0 la Roche-sur-Yon en Vend\u00e9e.<\/p>\n<p>Le second a \u00e9t\u00e9 propos\u00e9 \u00e0 un autre groupe du Centre EPIDE et \u00e0 des jeunes rattach\u00e9s \u00e0 la\u00a0<a href=\"https:\/\/ml3v.com\/\">Mission locale des 3 Vall\u00e9es<\/a>\u00a0et accompagn\u00e9s par\u00a0<a href=\"https:\/\/g2r-formation.fr\/\">G2R-Formation<\/a>. Les stagiaires ont alors b\u00e9n\u00e9fici\u00e9 d\u2019une semaine de formation, soit pr\u00e8s de 30 heures de formation.<\/p>\n<p>Pour compl\u00e9ter leur exp\u00e9rience, des visites au sein de FabLabs du r\u00e9seau\u00a0<a href=\"https:\/\/www.netlabs-innovation.fr\/\">Net\u2019Labs Innovation<\/a>\u00a0\u2013 dont est membre Plan\u00e8te Sciences \u2013 ont \u00e9t\u00e9 mises en place.<\/p>\n<p>L\u2019\u00e9v\u00e9nement du 23 avril a \u00e9t\u00e9 organis\u00e9 pour mettre en valeur ces parcours et le travail\u00a0\u00a0 accompli par les jeunes.<\/p>\n<p>Suite \u00e0 une visite de l\u2019Espace des Sciences et de D\u00e9couverte par\u00a0<a href=\"https:\/\/reseaumediatheques.grandparissud.fr\/iguana\/www.main.cls?surl=mediatheque-scientifique\">M\u00e9diaSciences<\/a>\u00a0et les jeunes eux-m\u00eames, ces derniers ont pr\u00e9sent\u00e9 leur r\u00e9alisation. Force a \u00e9t\u00e9 de constater leur mont\u00e9e en comp\u00e9tences \u00e0 la fois\u00a0techniques, relationnelles et organisationnelles.<\/p>\n<p>A l\u2019issue de l&rsquo;\u00e9v\u00e8nement de valorisation les makers pr\u00e9sents ont re\u00e7u leur certificat de r\u00e9alisation.<\/p>\n","protected":false},"excerpt":{"rendered":"<p>Soutenu par la Fondation Orange et la\u00a0R\u00e9gion Ile-de-France, \u00ab\u00a0Troph\u00e9es des  [&#8230;]<\/p>\n","protected":false},"author":7,"featured_media":5242,"comment_status":"closed","ping_status":"open","sticky":false,"template":"","format":"standard","meta":{"_bbp_topic_count":0,"_bbp_reply_count":0,"_bbp_total_topic_count":0,"_bbp_total_reply_count":0,"_bbp_voice_count":0,"_bbp_anonymous_reply_count":0,"_bbp_topic_count_hidden":0,"_bbp_reply_count_hidden":0,"_bbp_forum_subforum_count":0,"ngg_post_thumbnail":0,"footnotes":""},"categories":[1],"tags":[],"class_list":["post-5238","post","type-post","status-publish","format-standard","has-post-thumbnail","hentry","category-non-classe"],"_links":{"self":[{"href":"https:\/\/www.planete-sciences.org\/national\/wp-json\/wp\/v2\/posts\/5238","targetHints":{"allow":["GET"]}}],"collection":[{"href":"https:\/\/www.planete-sciences.org\/national\/wp-json\/wp\/v2\/posts"}],"about":[{"href":"https:\/\/www.planete-sciences.org\/national\/wp-json\/wp\/v2\/types\/post"}],"author":[{"embeddable":true,"href":"https:\/\/www.planete-sciences.org\/national\/wp-json\/wp\/v2\/users\/7"}],"replies":[{"embeddable":true,"href":"https:\/\/www.planete-sciences.org\/national\/wp-json\/wp\/v2\/comments?post=5238"}],"version-history":[{"count":8,"href":"https:\/\/www.planete-sciences.org\/national\/wp-json\/wp\/v2\/posts\/5238\/revisions"}],"predecessor-version":[{"id":5313,"href":"https:\/\/www.planete-sciences.org\/national\/wp-json\/wp\/v2\/posts\/5238\/revisions\/5313"}],"wp:featuredmedia":[{"embeddable":true,"href":"https:\/\/www.planete-sciences.org\/national\/wp-json\/wp\/v2\/media\/5242"}],"wp:attachment":[{"href":"https:\/\/www.planete-sciences.org\/national\/wp-json\/wp\/v2\/media?parent=5238"}],"wp:term":[{"taxonomy":"category","embeddable":true,"href":"https:\/\/www.planete-sciences.org\/national\/wp-json\/wp\/v2\/categories?post=5238"},{"taxonomy":"post_tag","embeddable":true,"href":"https:\/\/www.planete-sciences.org\/national\/wp-json\/wp\/v2\/tags?post=5238"}],"curies":[{"name":"wp","href":"https:\/\/api.w.org\/{rel}","templated":true}]}}