{"id":4831,"date":"2024-01-04T09:20:46","date_gmt":"2024-01-04T08:20:46","guid":{"rendered":"https:\/\/www.planete-sciences.org\/national\/?p=4831"},"modified":"2025-03-11T12:07:24","modified_gmt":"2025-03-11T11:07:24","slug":"fete-de-la-sciences-2023-astronum","status":"publish","type":"post","link":"https:\/\/www.planete-sciences.org\/national\/2024\/01\/04\/fete-de-la-sciences-2023-astronum\/","title":{"rendered":"F\u00eate de la Sciences 2023\u00a0: Astro\u2019Num"},"content":{"rendered":"<p>Pendant la F\u00eate de la Science 2023, du 7 au 14 octobre, s\u2019est tenu le Festival Astro\u2019Num \u00e0 Evry-Courcouronnes (91) et Savigny-le-Temple (77). Les activit\u00e9s propos\u00e9es portaient principalement sur diff\u00e9rents th\u00e8mes de l\u2019astronomie et du num\u00e9rique. Elles ont eu lieu toute la semaine dans plusieurs classes de quartiers prioritaires des deux villes.<\/p>\n<p>Ce projet, port\u00e9 par Plan\u00e8te Sciences, <a href=\"https:\/\/www.siana.eu\/\">SIANA<\/a>, <a href=\"https:\/\/www.culture360vr.org\/\">Culture 360<\/a> et le <a href=\"https:\/\/reseaumediatheques.grandparissud.fr\/\">R\u00e9seau des m\u00e9diath\u00e8ques de Grand Paris Sud<\/a>, a \u00e9merg\u00e9 dans le cadre du <a href=\"https:\/\/www.pop.eu.com\/hubs-structurer-des-ecosystemes-de-mediation-numerique\/\">Hub Francil\u2019In<\/a>, r\u00e9seau d\u2019acteurs de l\u2019inclusion num\u00e9rique en Ile-de-France. Il a \u00e9t\u00e9 lanc\u00e9 le samedi 7 octobre \u00e0 l\u2019<a href=\"https:\/\/www.espace-sciences-decouverte.fr\/\">Espace des Sciences et de D\u00e9couverte d\u2019Evry-Courcouronnes<\/a> (91), qui f\u00eatait ses 1 an !<\/p>\n<p>De nombreux temps forts ont aussi pris place sur le territoire, avec un programme riche, \u00e0 la crois\u00e9e des arts et des sciences\u00a0:<\/p>\n<ul>\n<li>Samedi 7\u00a0octobre &#8211; Espace des Sciences et de D\u00e9couverte (Evry-Courcouronnes)<\/li>\n<\/ul>\n<p>Atelier \u00ab\u00a0La Lune et les m\u00e9t\u00e9orites\u00a0\u00bb et \u00ab\u00a0Machineries m\u00e9di\u00e9vales\u00a0\u00bb,<\/p>\n<p>En parall\u00e8le\u00a0: atelier scientifique par\u00a0<a href=\"https:\/\/www.espace-sciences-decouverte.fr\/qui-sommes-nous\/mediasciences\/\">M\u00e9diaSciences<\/a><em>, <\/em>atelier\u00a0Astrophone, avec Filipe Vilas-Boas par\u00a0<a href=\"https:\/\/www.siana.eu\/\">SIANA<\/a><em>, et <\/em>VR\u00a0Bus par\u00a0<a href=\"https:\/\/www.culture360vr.org\/\">Culture 360<\/a>,<\/p>\n<ul>\n<li>Mercredi\u00a011\u00a0octobre\u2013 Centre social Brel Brassens (Evry-Courcouronnes<strong>)<\/strong><\/li>\n<\/ul>\n<p>Atelier \u00ab\u00a0La Terre et les plan\u00e8tes\u00a0\u00bb,<\/p>\n<p>En parall\u00e8le\u00a0: atelier scientifique par\u00a0M\u00e9diaScience<em>s <\/em>et casques\u00a0par\u00a0Culture 360<\/p>\n<p>Ev\u00e9nements aux m\u00e9diath\u00e8ques des Aunettes (Evry-Courcouronnes) et des Cit\u00e9s Unies (Savigny-le-Temple)<\/p>\n<ul>\n<li>Samedi\u00a014\u00a0octobre, \u00e9v\u00e9nement de cl\u00f4ture \u2013 M\u00e9diath\u00e8que des Cit\u00e9s Unies (Savigny-le-Temple) avec Culture 360.<\/li>\n<\/ul>\n<p>Une r\u00e9elle balade artistique et scientifique, autour de l\u2019astronomie et du num\u00e9rique, s\u2019est donc d\u00e9roul\u00e9e sur le territoire. Elle a notamment \u00e9t\u00e9 permise gr\u00e2ce au soutien de l\u2019<a href=\"http:\/\/ipqm.mjt.lu\/lnk\/AVYAADszwJUAAc23iYwAAOREYV0AAYCqqz8AJj09AAhcVgBhVsuUFcFzDLp7Q4aKnqmAEhZTFgAH8pI\/29\/ynju26H9kq_8X0TUyBE01g\/aHR0cHM6Ly9hZ2VuY2UtY29oZXNpb24tdGVycml0b2lyZXMuZ291di5mci8\">Agence nationale de la coh\u00e9sion des territoires<\/a>, de la <a href=\"http:\/\/ipqm.mjt.lu\/lnk\/AVYAADszwJUAAc23iYwAAOREYV0AAYCqqz8AJj09AAhcVgBhVsuUFcFzDLp7Q4aKnqmAEhZTFgAH8pI\/30\/1OGr1z-CIOCtx76SAH1_TQ\/aHR0cHM6Ly93d3cuY2FmLmZyLw\">Caisse d\u2019allocations familiales<\/a>, <a href=\"http:\/\/ipqm.mjt.lu\/lnk\/AVYAADszwJUAAc23iYwAAOREYV0AAYCqqz8AJj09AAhcVgBhVsuUFcFzDLp7Q4aKnqmAEhZTFgAH8pI\/31\/kIFX5JgYu62AJaj2hVZgVA\/aHR0cHM6Ly93d3cuZXNzb25uZS5mci8\">Conseil d\u00e9partemental de l\u2019Essonne<\/a>, du <a href=\"https:\/\/www.associations.gouv.fr\/FDVA.html\">Fonds pour le D\u00e9veloppement de la Vie Associative<\/a> et du <a href=\"https:\/\/www.iledefrance.fr\/\">Conseil R\u00e9gional d\u2019Ile-de-France<\/a>.<\/p>\n<p>Apr\u00e8s une premi\u00e8re \u00e9dition ayant rassembl\u00e9 pr\u00e8s de 475 participants, Plan\u00e8te Sciences et ses partenaires envisagent de reconduire Astro\u2019Num en 2024.<\/p>\n","protected":false},"excerpt":{"rendered":"<p>Pendant la F\u00eate de la Science 2023, du 7 au  [&#8230;]<\/p>\n","protected":false},"author":7,"featured_media":4832,"comment_status":"closed","ping_status":"open","sticky":false,"template":"","format":"standard","meta":{"_bbp_topic_count":0,"_bbp_reply_count":0,"_bbp_total_topic_count":0,"_bbp_total_reply_count":0,"_bbp_voice_count":0,"_bbp_anonymous_reply_count":0,"_bbp_topic_count_hidden":0,"_bbp_reply_count_hidden":0,"_bbp_forum_subforum_count":0,"ngg_post_thumbnail":0,"footnotes":""},"categories":[1],"tags":[],"class_list":["post-4831","post","type-post","status-publish","format-standard","has-post-thumbnail","hentry","category-non-classe"],"_links":{"self":[{"href":"https:\/\/www.planete-sciences.org\/national\/wp-json\/wp\/v2\/posts\/4831","targetHints":{"allow":["GET"]}}],"collection":[{"href":"https:\/\/www.planete-sciences.org\/national\/wp-json\/wp\/v2\/posts"}],"about":[{"href":"https:\/\/www.planete-sciences.org\/national\/wp-json\/wp\/v2\/types\/post"}],"author":[{"embeddable":true,"href":"https:\/\/www.planete-sciences.org\/national\/wp-json\/wp\/v2\/users\/7"}],"replies":[{"embeddable":true,"href":"https:\/\/www.planete-sciences.org\/national\/wp-json\/wp\/v2\/comments?post=4831"}],"version-history":[{"count":7,"href":"https:\/\/www.planete-sciences.org\/national\/wp-json\/wp\/v2\/posts\/4831\/revisions"}],"predecessor-version":[{"id":4871,"href":"https:\/\/www.planete-sciences.org\/national\/wp-json\/wp\/v2\/posts\/4831\/revisions\/4871"}],"wp:featuredmedia":[{"embeddable":true,"href":"https:\/\/www.planete-sciences.org\/national\/wp-json\/wp\/v2\/media\/4832"}],"wp:attachment":[{"href":"https:\/\/www.planete-sciences.org\/national\/wp-json\/wp\/v2\/media?parent=4831"}],"wp:term":[{"taxonomy":"category","embeddable":true,"href":"https:\/\/www.planete-sciences.org\/national\/wp-json\/wp\/v2\/categories?post=4831"},{"taxonomy":"post_tag","embeddable":true,"href":"https:\/\/www.planete-sciences.org\/national\/wp-json\/wp\/v2\/tags?post=4831"}],"curies":[{"name":"wp","href":"https:\/\/api.w.org\/{rel}","templated":true}]}}