{"id":4827,"date":"2024-01-03T17:43:09","date_gmt":"2024-01-03T16:43:09","guid":{"rendered":"https:\/\/www.planete-sciences.org\/national\/?p=4827"},"modified":"2025-03-11T12:07:24","modified_gmt":"2025-03-11T11:07:24","slug":"premieres-assises-de-la-culture-scientifique-et-technique-du-territoire-de-grand-paris-sud","status":"publish","type":"post","link":"https:\/\/www.planete-sciences.org\/national\/2024\/01\/03\/premieres-assises-de-la-culture-scientifique-et-technique-du-territoire-de-grand-paris-sud\/","title":{"rendered":"Premi\u00e8res Assises de la Culture scientifique et technique du territoire de Grand Paris Sud"},"content":{"rendered":"<p>Organis\u00e9es par Plan\u00e8te Sciences, en partenariat avec la <a href=\"https:\/\/www.grandparissud.fr\/\">Communaut\u00e9 d\u2019agglom\u00e9ration Grand Paris Sud<\/a>, la <a href=\"https:\/\/evrycourcouronnes.fr\/\">Ville d\u2019Evry-Courcouronnes<\/a>, membre du <a href=\"https:\/\/www.uil.unesco.org\/fr\/learning-cities\">r\u00e9seau mondial des Villes Apprenantes Unesco<\/a>, et l\u2019<a href=\"https:\/\/www.univ-evry.fr\/accueil.html\">Universit\u00e9<\/a> d\u2019Evry-Paris-Saclay, se sont tenues jeudi 19 octobre, \u00e0 l\u2019Universit\u00e9 d\u2019Evry \u2013 Paris-Saclay. Elles ont rassembl\u00e9 pr\u00e8s de 80 personnes. L\u2019\u00e9v\u00e9nement a permis de valoriser de nombreuses initiatives d\u00e9ploy\u00e9es sur le territoire et d\u2019\u00e9changer entre acteurs locaux, associatifs, de l\u2019\u00e9ducation ou de la jeunesse, autour de l\u2019apprentissage des sciences et techniques tout au long de la vie<\/p>\n<p>Cette journ\u00e9e a d\u00e9but\u00e9 par l\u2019intervention de\u00a0:<\/p>\n<ul>\n<li>Christophe Domingues, Directeur g\u00e9n\u00e9ral des services de l\u2019Universit\u00e9 d\u2019Evry \u2013 Paris-Saclay<\/li>\n<li>Christelle Monville, Vice-Pr\u00e9sidente de la Commission de la Recherche de l\u2019Universit\u00e9 d\u2019Evry \u2013 Paris-Saclay<\/li>\n<li>Pascal Chatagnon, Adjoint au maire en charge de la Participation citoyenne, de la Vie associative et de la Proximit\u00e9 et de la Ville apprenante, accompagn\u00e9 de Medhy Zeghouf, Adjoint au maire en charge de l&rsquo;Education, de la Culture et du Patrimoine, de l&rsquo;Enseignement sup\u00e9rieur et de la Recherche, et suivi l\u2019apr\u00e8s-midi par une prise de parole de St\u00e9phane Beaudet, Maire de la Ville d\u2019Evry-Courcouronnes,<\/li>\n<li>Michel Bisson, Pr\u00e9sident de la Communaut\u00e9 d\u2019Agglom\u00e9ration de Grand Paris Sud,<\/li>\n<li>Michel Eymard, Pr\u00e9sident de Plan\u00e8te Sciences.<\/li>\n<\/ul>\n<p>A travers plusieurs temps forts\u00a0:<\/p>\n<ul>\n<li>La pr\u00e9sentation de projets de m\u00e9diation scientifique et technique port\u00e9s sur Grand Paris Sud\u00a0: Escape game et jeux d\u2019\u00e9nigmes comme vecteurs de la m\u00e9thode scientifique dans le domaine de la g\u00e9n\u00e9tique\u00a0(<a href=\"https:\/\/www.genethon.fr\/notre-engagement\/informer-et-transmettre\/lecole-de-ladn\/\">Genethon \u2013 \u00e9cole de l&rsquo;ADN<\/a>) ; 1000 chercheurs dans les \u00e9coles\u00a0(<a href=\"https:\/\/don.telethon.fr\/?bandeau=A&amp;compteur=0&amp;fdd_type=bronze&amp;idm=133864&amp;ido=1259&amp;xts=527873&amp;xtor=SEC-10000270-GOO-%5BAFM_Exact%5D--S-%5Bwww+afm+telethon+fr%5D&amp;utm_source=bing&amp;utm_medium=cpc&amp;utm_campaign=YSM%2FSRC%2FFR%2FFR%2FMarque&amp;utm_term=www+afm+telethon+fr&amp;utm_content=AFM\">AFM-T\u00e9l\u00e9thon<\/a>) ; Des tapis pour \u00ab\u00a0se planter\u00a0\u00bb\u00a0(<a href=\"https:\/\/www.siana.eu\/\">SIANA<\/a>) ; La Quinzaine du num\u00e9rique\u00a0(<a href=\"https:\/\/reseaumediatheques.grandparissud.fr\/iguana\/www.main.cls\">R\u00e9seau des M\u00e9diath\u00e8ques de Grand Paris Sud<\/a>) ; Ateliers scientifiques et techniques\u00a0(<a href=\"https:\/\/reseaumediatheques.grandparissud.fr\/iguana\/www.main.cls?surl=medialudotheque-rotonde\">M\u00e9dialudoth\u00e8que la Rotonde<\/a><strong>, <\/strong>Moissy-Cramayel) ; Equipe <a href=\"https:\/\/www.ville-lieusaint.fr\/actualites\/lieusaint-fete-la-science-sur-le-theme-du-sport\/\">Educascience<\/a> (Ville de Lieusaint)\u00a0; Les apprentis sorciers gardiens de l&rsquo;eau\u00a0(<a href=\"https:\/\/annuaire-entreprises.data.gouv.fr\/entreprise\/ecole-francaise-de-sorcellerie-de-tu-sais-qui-878979426\">Ecole Fran\u00e7aise de Sorcellerie de Tu-Sais-Qui<\/a>) ; Sciences Tour\u00a0(<a href=\"https:\/\/www.lespetitsdebrouillards-idf.org\/\">Les Petits D\u00e9brouillards IDF<\/a>) ; Junior Acad\u00e9mie\u00a0(<a href=\"https:\/\/www.ensiie.fr\/\">ENSIIE<\/a>) ; Classe \u00e0 profil scientifique (R\u00e9seau d&rsquo;\u00e9ducation prioritaire du <a href=\"https:\/\/clg-galilee-evry.ac-versailles.fr\/\">Coll\u00e8ge Galil\u00e9e<\/a>).<\/li>\n<li>Une discussion-d\u00e9bat avec Fran\u00e7ois Taddei, Chercheur \u00e0 l\u2019Inserm, auteur des ouvrages <em>Apprendre autrement au XXIe si\u00e8cle<\/em> et <em>Et si nous\u00a0?<\/em> sur l\u2019innovation p\u00e9dagogique et la place des enfants en tant que citoyens \u00e0 part enti\u00e8re.<\/li>\n<li>Un atelier \u00e9labor\u00e9 avec l\u2019Atelier Canop\u00e9 91. Les participants, en groupe, ont alors con\u00e7u un projet r\u00e9pondant \u00e0 notre volont\u00e9 de cr\u00e9er un parcours \u00e9ducatif aux sciences et techniques \u00e0 destination de toutes et tous les jeunes et le grand public du territoire. Quatre actions ont \u00e9t\u00e9 imagin\u00e9es, portant sur des rencontres, des exp\u00e9riences, la transmission de savoirs, ou encore un diagnostic et une participation active des publics.<\/li>\n<\/ul>\n<p>Ces Assises ont mis en lumi\u00e8re les valeurs, objectifs et enjeux communs des acteurs pr\u00e9sents, pr\u00eats \u00e0 se mobiliser pour \u00ab\u00a0\u00e9veiller et entretenir collectivement la curiosit\u00e9 scientifique et technique chez les jeunes \u00bb.<\/p>\n<p>Les r\u00e9flexions et le travail entrepris lors de cet \u00e9v\u00e9nement majeur seront poursuivis afin d\u2019enrichir l\u2019offre culturelle mais surtout de contribuer activement \u00e0 notre d\u00e9marche de continuit\u00e9 \u00e9ducative sur le territoire de Grand Paris Sud.<\/p>\n","protected":false},"excerpt":{"rendered":"<p>Organis\u00e9es par Plan\u00e8te Sciences, en partenariat avec la Communaut\u00e9 d\u2019agglom\u00e9ration  [&#8230;]<\/p>\n","protected":false},"author":7,"featured_media":4828,"comment_status":"closed","ping_status":"open","sticky":false,"template":"","format":"standard","meta":{"_bbp_topic_count":0,"_bbp_reply_count":0,"_bbp_total_topic_count":0,"_bbp_total_reply_count":0,"_bbp_voice_count":0,"_bbp_anonymous_reply_count":0,"_bbp_topic_count_hidden":0,"_bbp_reply_count_hidden":0,"_bbp_forum_subforum_count":0,"ngg_post_thumbnail":0,"footnotes":""},"categories":[1],"tags":[],"class_list":["post-4827","post","type-post","status-publish","format-standard","has-post-thumbnail","hentry","category-non-classe"],"_links":{"self":[{"href":"https:\/\/www.planete-sciences.org\/national\/wp-json\/wp\/v2\/posts\/4827","targetHints":{"allow":["GET"]}}],"collection":[{"href":"https:\/\/www.planete-sciences.org\/national\/wp-json\/wp\/v2\/posts"}],"about":[{"href":"https:\/\/www.planete-sciences.org\/national\/wp-json\/wp\/v2\/types\/post"}],"author":[{"embeddable":true,"href":"https:\/\/www.planete-sciences.org\/national\/wp-json\/wp\/v2\/users\/7"}],"replies":[{"embeddable":true,"href":"https:\/\/www.planete-sciences.org\/national\/wp-json\/wp\/v2\/comments?post=4827"}],"version-history":[{"count":3,"href":"https:\/\/www.planete-sciences.org\/national\/wp-json\/wp\/v2\/posts\/4827\/revisions"}],"predecessor-version":[{"id":4855,"href":"https:\/\/www.planete-sciences.org\/national\/wp-json\/wp\/v2\/posts\/4827\/revisions\/4855"}],"wp:featuredmedia":[{"embeddable":true,"href":"https:\/\/www.planete-sciences.org\/national\/wp-json\/wp\/v2\/media\/4828"}],"wp:attachment":[{"href":"https:\/\/www.planete-sciences.org\/national\/wp-json\/wp\/v2\/media?parent=4827"}],"wp:term":[{"taxonomy":"category","embeddable":true,"href":"https:\/\/www.planete-sciences.org\/national\/wp-json\/wp\/v2\/categories?post=4827"},{"taxonomy":"post_tag","embeddable":true,"href":"https:\/\/www.planete-sciences.org\/national\/wp-json\/wp\/v2\/tags?post=4827"}],"curies":[{"name":"wp","href":"https:\/\/api.w.org\/{rel}","templated":true}]}}