{"id":3625,"date":"2023-01-03T15:36:28","date_gmt":"2023-01-03T14:36:28","guid":{"rendered":"https:\/\/www.planete-sciences.org\/national\/?p=3625"},"modified":"2025-03-11T12:08:20","modified_gmt":"2025-03-11T11:08:20","slug":"solar-orbiter-education","status":"publish","type":"post","link":"https:\/\/www.planete-sciences.org\/national\/2023\/01\/03\/solar-orbiter-education\/","title":{"rendered":"Solar Orbiter Education"},"content":{"rendered":"<p>Le 10 f\u00e9vrier 2020, la sonde <a href=\"https:\/\/www.esa.int\/Space_in_Member_States\/France\/Dernier_regard_sur_le_satellite_europeen_Solar_Orbiter\">Solar Orbiter de l\u2019Agence spatiale europ\u00e9enne<\/a> a \u00e9t\u00e9 plac\u00e9e sur une orbite tr\u00e8s elliptique lui permettant d\u2019\u00eatre positionn\u00e9e au quart de la distance Terre-Soleil. Gr\u00e2ce \u00e0 huit passages pr\u00e8s de V\u00e9nus, elle s\u2019incline \u00a0permettant \u00e0 Solar Orbiter d\u2019observer les p\u00f4les du Soleil et son environnement proche pour am\u00e9liorer nos connaissances avec les mesures fa\u00eetes par les dix instruments embarqu\u00e9s \u00e0 bord. Des \u00e9quipes fran\u00e7aises sont impliqu\u00e9es dans cinq d\u2019entre eux. L\u2019un deux a \u00e9t\u00e9 con\u00e7u et est op\u00e9r\u00e9 par un laboratoire, le <a href=\"https:\/\/lesia.obspm.fr\/-Presentation-du-LESIA-.html\">LESIA<\/a>, de l\u2019Observatoire de Meudon. Il y a quelques ann\u00e9es, son responsable, Milan Maksimovic a \u00e9t\u00e9 b\u00e9n\u00e9vole \u00e0 Plan\u00e8te Sciences.<\/p>\n<p>Pour <a href=\"https:\/\/www.planete-sciences.org\/national\/\">Plan\u00e8te Sciences<\/a>, cette mission spatiale permet d\u2019associer deux de ses th\u00e9matiques majeures, l\u2019astronomie et l\u2019espace et d\u2019aborder plusieurs domaines scientifiques techniques en s\u2019appuyant sur son <a href=\"https:\/\/www.planete-sciences.org\/national\/download\/projet-educatif\/\">projet \u00e9ducatif<\/a>. En association \u00e9troite avec Milan Maksimovic, ce nouveau projet phare de Plan\u00e8te Sciences a \u00e9t\u00e9 initi\u00e9 par un de ses b\u00e9n\u00e9voles Jo\u00ebl Le Bras. Son contenu et sa dur\u00e9e sont adapt\u00e9s aux jeunes selon leurs niveaux dans diff\u00e9rents cadres : des \u00e9tablissements scolaires (\u00e9l\u00e9mentaire, coll\u00e8ge et lyc\u00e9e) ou activit\u00e9s extrascolaires. Il peut en partie se d\u00e9rouler dans notre <a href=\"https:\/\/www.afastronomie.fr\/centre-d-astronomie-jean-marc-salomon\">Centre d\u2019astronomie Jean-Marc Salomon<\/a> situ\u00e9 \u00e0 Buthiers (77) et offrir l\u2019opportunit\u00e9 de rencontrer des chercheurs pour \u00e9changer sur leur domaine de recherche et leur m\u00e9tier.<\/p>\n<p>Pour l\u2019ann\u00e9e 2022-2023, 18 projets sont pr\u00e9vus\u00a0:<\/p>\n<p style=\"margin: 0cm; margin-bottom: .0001pt;\">&#8211; Coll\u00e8ge de Pantin &#8211; Atelier relais avec quatre coll\u00e9giens en d\u00e9crochage scolaire avec 6 s\u00e9ances de 2h en classe et une soir\u00e9e d&rsquo;observation le soir au coll\u00e8ge.<br \/>\n&#8211; Lyc\u00e9e Charles de Gaulle de Rosny-Sous-Bois avec 6 s\u00e9ances de 2h avec une classe de 1\u00e8re.<\/p>\n<p style=\"margin: 0cm; margin-bottom: .0001pt;\">&#8211; Coll\u00e8ge Jean Vilar et le Coll\u00e8ge Delaunay de Grigny avec 8 s\u00e9ances de 2h pour des classes de 5\u00e8me<br \/>\n&#8211; Dispositif Vacances j&rsquo;apprends pendant les vacances scolaires aupr\u00e8s d&rsquo;\u00e9l\u00e8ves en classe, \u00e9l\u00e9mentaire \u00e0 Grigny avec 4 ateliers de 3h pendant 1 semaine.<br \/>\n&#8211; Coll\u00e8ge Jean-Jaur\u00e8s de Pantin : 2 nouvelles sessions de 6 s\u00e9ances de 2h pour les coll\u00e9giens en situation de d\u00e9crochage scolaire avec une observation le soir au coll\u00e8ge plus une observation \u00e0 au Centre d\u2019astronomie Jean-Marc Salomon \u00e0 Buthiers.<br \/>\n&#8211; Lyc\u00e9e Chennevi\u00e8re Mal\u00e9zieux \u00e0 Paris avec deux classes de seconde, soit 25 \u00e9l\u00e8ves avec 6 s\u00e9ances de 2h.<br \/>\n&#8211; Un projet dans une \u00e9cole soutenu par la fondation ORCOM avec 8 s\u00e9ances de 2h et une observation au Centre d\u2019astronomie Jean-Marc Salomon.<br \/>\n&#8211; Lyc\u00e9e polyvalent Pierre Mendes France de Ris-Orangis avec 4 projets de 8 s\u00e9ances d&rsquo;1h30 pour 4 classes de seconde.<br \/>\n&#8211; Lyc\u00e9e Racine \u00e0 Paris &#8211; 2 projets pour deux classes de seconde avec 8 s\u00e9ances de 2h, r\u00e9parties sur 4 jours.<br \/>\n&#8211; Ecole \u00e9l\u00e9mentaire de la Courneuve &#8211; 1 projet avec 8 s\u00e9ances de 2h.<br \/>\n&#8211; Ecole \u00e9l\u00e9mentaire de Drancy &#8211; 2 projets avec 5 s\u00e9ances avec deux classes de CM1.<\/p>\n<p>Pour r\u00e9pondre \u00e0 nos crit\u00e8res de qualit\u00e9 et agr\u00e9ments, Plan\u00e8te Sciences a mis en place des formations, l\u2019une s\u2019est d\u00e9roul\u00e9e les 10 et 11 d\u00e9cembre 2022. Pour en savoir plus sur <a href=\"https:\/\/www.planete-sciences.org\/animations-formations\/\">nos formations<\/a><\/p>\n<p>En 2023, pour toucher un maximum de jeunes, Solar Orbiter Education sera d\u00e9ploy\u00e9 sur le territoire de nos huit D\u00e9l\u00e9gations pr\u00e9sentes dans six r\u00e9gions (Hauts-de-France, Occitanie, Auvergne-Rh\u00f4ne-Alpes, Normandie, M\u00e9diterran\u00e9e et Ile-de-France) et deux d\u00e9partements (Vend\u00e9e et Sarthe). Carte du r\u00e9seau (voir <a href=\"https:\/\/www.planete-sciences.org\/national\/notre-reseau\/\">lien<\/a>).<\/p>\n<p>Pour r\u00e9aliser ce projet \u00e9ducatif ambitieux avec le plus grand nombre de jeunes, <a href=\"https:\/\/www.planete-sciences.org\/astro\/l-astronomie-a-planete-sciences\/partenaires\">Plan\u00e8te Sciences<\/a> est soutenue par six partenaires : Ville de Paris, R\u00e9gion Ile-de-France, Minist\u00e8re de l\u2019Enseignement Sup\u00e9rieur et de la Recherche, Arianegroup et les Fondations EDF et Air France.<\/p>\n<p><img decoding=\"async\" class=\"alignnone wp-image-3632\" src=\"https:\/\/www.planete-sciences.org\/national\/wp-content\/uploads\/2023\/01\/2-Eleves-en-observation-du-soleil-avec-un-solarscope-1.jpg\" alt=\"\" width=\"266\" height=\"292\" \/> \u00a0\u00a0 <img decoding=\"async\" class=\"alignnone wp-image-3633\" src=\"https:\/\/www.planete-sciences.org\/national\/wp-content\/uploads\/2023\/01\/Nicole-Vilmer-1-scaled.jpg\" alt=\"\" width=\"497\" height=\"277\" \/><\/p>\n","protected":false},"excerpt":{"rendered":"<p>Le 10 f\u00e9vrier 2020, la sonde Solar Orbiter de l\u2019Agence  [&#8230;]<\/p>\n","protected":false},"author":7,"featured_media":3626,"comment_status":"closed","ping_status":"open","sticky":false,"template":"","format":"standard","meta":{"_bbp_topic_count":0,"_bbp_reply_count":0,"_bbp_total_topic_count":0,"_bbp_total_reply_count":0,"_bbp_voice_count":0,"_bbp_anonymous_reply_count":0,"_bbp_topic_count_hidden":0,"_bbp_reply_count_hidden":0,"_bbp_forum_subforum_count":0,"ngg_post_thumbnail":0,"footnotes":""},"categories":[1],"tags":[],"class_list":["post-3625","post","type-post","status-publish","format-standard","has-post-thumbnail","hentry","category-non-classe"],"_links":{"self":[{"href":"https:\/\/www.planete-sciences.org\/national\/wp-json\/wp\/v2\/posts\/3625","targetHints":{"allow":["GET"]}}],"collection":[{"href":"https:\/\/www.planete-sciences.org\/national\/wp-json\/wp\/v2\/posts"}],"about":[{"href":"https:\/\/www.planete-sciences.org\/national\/wp-json\/wp\/v2\/types\/post"}],"author":[{"embeddable":true,"href":"https:\/\/www.planete-sciences.org\/national\/wp-json\/wp\/v2\/users\/7"}],"replies":[{"embeddable":true,"href":"https:\/\/www.planete-sciences.org\/national\/wp-json\/wp\/v2\/comments?post=3625"}],"version-history":[{"count":10,"href":"https:\/\/www.planete-sciences.org\/national\/wp-json\/wp\/v2\/posts\/3625\/revisions"}],"predecessor-version":[{"id":3657,"href":"https:\/\/www.planete-sciences.org\/national\/wp-json\/wp\/v2\/posts\/3625\/revisions\/3657"}],"wp:featuredmedia":[{"embeddable":true,"href":"https:\/\/www.planete-sciences.org\/national\/wp-json\/wp\/v2\/media\/3626"}],"wp:attachment":[{"href":"https:\/\/www.planete-sciences.org\/national\/wp-json\/wp\/v2\/media?parent=3625"}],"wp:term":[{"taxonomy":"category","embeddable":true,"href":"https:\/\/www.planete-sciences.org\/national\/wp-json\/wp\/v2\/categories?post=3625"},{"taxonomy":"post_tag","embeddable":true,"href":"https:\/\/www.planete-sciences.org\/national\/wp-json\/wp\/v2\/tags?post=3625"}],"curies":[{"name":"wp","href":"https:\/\/api.w.org\/{rel}","templated":true}]}}