{"id":2817,"date":"2022-04-12T14:56:23","date_gmt":"2022-04-12T12:56:23","guid":{"rendered":"https:\/\/www.planete-sciences.org\/national\/?p=2817"},"modified":"2025-03-11T12:09:21","modified_gmt":"2025-03-11T11:09:21","slug":"assemblee-generale-le-14-avril-2022-a-paris","status":"publish","type":"post","link":"https:\/\/www.planete-sciences.org\/national\/2022\/04\/12\/assemblee-generale-le-14-avril-2022-a-paris\/","title":{"rendered":"Assembl\u00e9e G\u00e9n\u00e9rale le 14 mai 2022 \u00e0 Paris"},"content":{"rendered":"<p><img decoding=\"async\" class=\"alignnone wp-image-2732\" src=\"https:\/\/www.planete-sciences.org\/national\/wp-content\/uploads\/2022\/03\/Logo-Plasci-couleur-2-300x183.png\" alt=\"\" width=\"229\" height=\"140\" srcset=\"https:\/\/www.planete-sciences.org\/national\/wp-content\/uploads\/2022\/03\/Logo-Plasci-couleur-2-200x122.png 200w, https:\/\/www.planete-sciences.org\/national\/wp-content\/uploads\/2022\/03\/Logo-Plasci-couleur-2-300x183.png 300w, https:\/\/www.planete-sciences.org\/national\/wp-content\/uploads\/2022\/03\/Logo-Plasci-couleur-2-400x245.png 400w, https:\/\/www.planete-sciences.org\/national\/wp-content\/uploads\/2022\/03\/Logo-Plasci-couleur-2-600x367.png 600w, https:\/\/www.planete-sciences.org\/national\/wp-content\/uploads\/2022\/03\/Logo-Plasci-couleur-2-768x470.png 768w, https:\/\/www.planete-sciences.org\/national\/wp-content\/uploads\/2022\/03\/Logo-Plasci-couleur-2-800x489.png 800w, https:\/\/www.planete-sciences.org\/national\/wp-content\/uploads\/2022\/03\/Logo-Plasci-couleur-2-1024x626.png 1024w, https:\/\/www.planete-sciences.org\/national\/wp-content\/uploads\/2022\/03\/Logo-Plasci-couleur-2-1200x734.png 1200w, https:\/\/www.planete-sciences.org\/national\/wp-content\/uploads\/2022\/03\/Logo-Plasci-couleur-2-1536x939.png 1536w\" sizes=\"(max-width: 229px) 100vw, 229px\" \/> \u00a0\u00a0\u00a0\u00a0\u00a0 \u00a0 \u00a0 \u00a0 \u00a0 \u00a0 \u00a0 \u00a0 \u00a0 \u00a0 \u00a0 \u00a0 \u00a0 \u00a0 \u00a0 \u00a0 \u00a0 \u00a0 \u00a0 \u00a0 \u00a0 \u00a0 \u00a0 \u00a0 \u00a0 \u00a0\u00a0 <img decoding=\"async\" class=\"alignnone wp-image-2713\" src=\"https:\/\/www.planete-sciences.org\/national\/wp-content\/uploads\/2022\/01\/logo-60-ans-couleur-300x298.png\" alt=\"\" width=\"168\" height=\"157\" \/><\/p>\n<p class=\"text-build-content\" data-testid=\"YLcBTiBOj\">Chers Amis,<\/p>\n<p class=\"text-build-content\" data-testid=\"YLcBTiBOj\">Cette ann\u00e9e, nous organiserons notre Assembl\u00e9e G\u00e9n\u00e9rale le 14 mai 2022, au Centre International de S\u00e9jour de Paris Kellermann &#8211; 17 bd Kellermann 75013 Paris et nous serons heureux de vous y retrouver.<\/p>\n<p class=\"text-build-content\" data-testid=\"YLcBTiBOj\">Le programme d\u00e9butera \u00e0 09h30 et se terminera par un d\u00e9jeuner.<\/p>\n<p data-testid=\"YLcBTiBOj\"><strong>Samedi 14 mai 2022, \u00e0 Paris (75)<\/strong><br \/>\n&#8211; Ouverture et ordre du jour<br \/>\n&#8211; Membres pr\u00e9sents ou repr\u00e9sent\u00e9s<br \/>\n&#8211; Rapport moral 2021 du pr\u00e9sident (vote)<br \/>\n&#8211; Retour sur les Journ\u00e9es d\u2019Etudes 2021<br \/>\n&#8211; Rapport financier du tr\u00e9sorier (vote)<br \/>\n&#8211; Budget 2022<br \/>\n&#8211; Retour sur les orientations 2021<br \/>\n&#8211; R\u00e9sultats du projet d\u2019activit\u00e9 2021<br \/>\n&#8211; Projet d\u2019activit\u00e9s 2022<br \/>\n&#8211; Ouverture de l\u2019Espace des Sciences et de D\u00e9couverte<br \/>\n&#8211; 60 ans de Plan\u00e8te Sciences<br \/>\n&#8211; Cl\u00f4ture de l\u2019Assembl\u00e9e G\u00e9n\u00e9rale<\/p>\n<p><strong>Il est encore possible de vous inscrire, si ce n\u2019est pas d\u00e9j\u00e0 fait.<\/strong><\/p>\n<p>Le lien pour s\u2019inscrire <strong><u><a href=\"http:\/\/www.planete-sciences.org\/ag\/\">http:\/\/www.planete-sciences.org\/ag\/<\/a><\/u><\/strong> vous permettra \u00e9galement de r\u00e9gler en ligne en toute s\u00e9curit\u00e9. Nous vous rappelons que la cotisation annuelle des membres individuels est de 20 \u20ac minimum.<\/p>\n<p>Dans l\u2019attente de vous retrouver, je vous invite d\u00e8s \u00e0 pr\u00e9sent \u00e0 noter sur votre planning les dates du 16 et 17 d\u00e9cembre 2022 qui marqueront les 60 ans de notre association.<\/p>\n<p>Nous vous prions d\u2019accepter l&rsquo;expression de nos amicales salutations.<\/p>\n<p>&nbsp;<\/p>\n<p><strong>\u00a0\u00a0\u00a0\u00a0\u00a0\u00a0\u00a0\u00a0\u00a0\u00a0\u00a0\u00a0\u00a0\u00a0\u00a0\u00a0\u00a0\u00a0\u00a0\u00a0\u00a0\u00a0\u00a0\u00a0\u00a0\u00a0\u00a0\u00a0\u00a0\u00a0\u00a0\u00a0\u00a0\u00a0\u00a0\u00a0\u00a0\u00a0\u00a0\u00a0\u00a0\u00a0\u00a0\u00a0\u00a0\u00a0\u00a0\u00a0\u00a0\u00a0\u00a0\u00a0\u00a0\u00a0\u00a0\u00a0\u00a0\u00a0\u00a0\u00a0\u00a0\u00a0\u00a0\u00a0\u00a0\u00a0\u00a0\u00a0\u00a0\u00a0\u00a0\u00a0\u00a0\u00a0\u00a0\u00a0\u00a0\u00a0\u00a0\u00a0\u00a0\u00a0\u00a0 Pour le comit\u00e9 Ex\u00e9cutif de l&rsquo;Association,<br \/>\n<\/strong><strong>\u00a0\u00a0\u00a0\u00a0\u00a0\u00a0\u00a0\u00a0\u00a0\u00a0\u00a0\u00a0\u00a0\u00a0\u00a0\u00a0\u00a0\u00a0\u00a0\u00a0\u00a0\u00a0\u00a0\u00a0\u00a0\u00a0\u00a0\u00a0\u00a0\u00a0\u00a0\u00a0\u00a0\u00a0\u00a0\u00a0\u00a0\u00a0\u00a0\u00a0\u00a0\u00a0\u00a0\u00a0\u00a0\u00a0\u00a0\u00a0\u00a0\u00a0\u00a0\u00a0\u00a0\u00a0\u00a0\u00a0\u00a0\u00a0\u00a0\u00a0\u00a0\u00a0\u00a0\u00a0\u00a0\u00a0\u00a0\u00a0\u00a0\u00a0\u00a0\u00a0\u00a0\u00a0\u00a0\u00a0\u00a0\u00a0\u00a0\u00a0\u00a0\u00a0\u00a0 Le Pr\u00e9sident, Michel EYMARD<\/strong><\/p>\n<p>&nbsp;<\/p>\n<p>\u00c9lection des membres du Conseil d&rsquo;administrations 2022 (<a href=\"https:\/\/www.planete-sciences.org\/national\/download\/professions-de-foi\/\">voir lien<\/a>)<strong><br \/>\n<\/strong><\/p>\n","protected":false},"excerpt":{"rendered":"<p>\u00a0\u00a0\u00a0\u00a0\u00a0 \u00a0 \u00a0 \u00a0 \u00a0 \u00a0 \u00a0 \u00a0 \u00a0 \u00a0  [&#8230;]<\/p>\n","protected":false},"author":7,"featured_media":3129,"comment_status":"closed","ping_status":"open","sticky":false,"template":"","format":"standard","meta":{"_bbp_topic_count":0,"_bbp_reply_count":0,"_bbp_total_topic_count":0,"_bbp_total_reply_count":0,"_bbp_voice_count":0,"_bbp_anonymous_reply_count":0,"_bbp_topic_count_hidden":0,"_bbp_reply_count_hidden":0,"_bbp_forum_subforum_count":0,"ngg_post_thumbnail":0,"footnotes":""},"categories":[1],"tags":[],"class_list":["post-2817","post","type-post","status-publish","format-standard","has-post-thumbnail","hentry","category-non-classe"],"_links":{"self":[{"href":"https:\/\/www.planete-sciences.org\/national\/wp-json\/wp\/v2\/posts\/2817","targetHints":{"allow":["GET"]}}],"collection":[{"href":"https:\/\/www.planete-sciences.org\/national\/wp-json\/wp\/v2\/posts"}],"about":[{"href":"https:\/\/www.planete-sciences.org\/national\/wp-json\/wp\/v2\/types\/post"}],"author":[{"embeddable":true,"href":"https:\/\/www.planete-sciences.org\/national\/wp-json\/wp\/v2\/users\/7"}],"replies":[{"embeddable":true,"href":"https:\/\/www.planete-sciences.org\/national\/wp-json\/wp\/v2\/comments?post=2817"}],"version-history":[{"count":11,"href":"https:\/\/www.planete-sciences.org\/national\/wp-json\/wp\/v2\/posts\/2817\/revisions"}],"predecessor-version":[{"id":2854,"href":"https:\/\/www.planete-sciences.org\/national\/wp-json\/wp\/v2\/posts\/2817\/revisions\/2854"}],"wp:featuredmedia":[{"embeddable":true,"href":"https:\/\/www.planete-sciences.org\/national\/wp-json\/wp\/v2\/media\/3129"}],"wp:attachment":[{"href":"https:\/\/www.planete-sciences.org\/national\/wp-json\/wp\/v2\/media?parent=2817"}],"wp:term":[{"taxonomy":"category","embeddable":true,"href":"https:\/\/www.planete-sciences.org\/national\/wp-json\/wp\/v2\/categories?post=2817"},{"taxonomy":"post_tag","embeddable":true,"href":"https:\/\/www.planete-sciences.org\/national\/wp-json\/wp\/v2\/tags?post=2817"}],"curies":[{"name":"wp","href":"https:\/\/api.w.org\/{rel}","templated":true}]}}