{"id":2406,"date":"2021-09-23T09:23:47","date_gmt":"2021-09-23T07:23:47","guid":{"rendered":"https:\/\/www.planete-sciences.org\/national\/?p=2406"},"modified":"2025-03-11T12:10:06","modified_gmt":"2025-03-11T11:10:06","slug":"coup-de-projecteur-sur-les-cansat-lyceens","status":"publish","type":"post","link":"https:\/\/www.planete-sciences.org\/national\/2021\/09\/23\/coup-de-projecteur-sur-les-cansat-lyceens\/","title":{"rendered":"Coup de projecteur sur les CanSat Lyc\u00e9ens"},"content":{"rendered":"<p>2020 a marqu\u00e9 le dixi\u00e8me anniversaire du concours europ\u00e9en<a href=\"https:\/\/www.planete-sciences.org\/espace\/CanSat\/CanSat-Lycee\"> CanSat<\/a> cr\u00e9\u00e9 par l\u2019<a href=\"https:\/\/www.esa.int\/Space_in_Member_States\/France\">ESA<\/a>.<\/p>\n<p>Destin\u00e9 aux Lyc\u00e9ens, son objectif est de leur faire concevoir, r\u00e9aliser et larguer depuis un drone ou fus\u00e9e, un CanSat (Satellite de la taille d\u2019une Canette).\u00a0 En France, il est initi\u00e9 par le CNES dans le cadre de ses activit\u00e9s du Bureau <a href=\"https:\/\/esero.fr\/\">ESERO France<\/a>. L\u2019Agence spatiale fran\u00e7aise a confi\u00e9 \u00e0 Plan\u00e8te Sciences son organisation et son d\u00e9roulement.<\/p>\n<p>En raison de la pand\u00e9mie mondiale, les rencontres visant \u00e0 marquer cette \u00e9tape importante n&rsquo;ont pu se faire en pr\u00e9sentiel. En r\u00e9ponse, <a href=\"https:\/\/www.esa.int\/Education\/CanSat\/Celebrate_CanSat_during_the_online_Outreach_Event\">l&rsquo;ESA vous invite<\/a> \u00e0 les rejoindre le 27 septembre \u00e0 14h pour un <a href=\"https:\/\/www.youtube.com\/watch?v=71r3Y3xXHpg\">\u00e9v\u00e9nement en ligne<\/a> de r\u00e9trospective afin de c\u00e9l\u00e9brer ce remarquable projet scolaire.<\/p>\n<p>Au programme : \u00a0 introduction au projet CanSat \/ Message d&rsquo;un astronaute de l&rsquo;ESA \/ Entretiens avec des experts de l&rsquo;ESA \/ D\u00e9buter avec un CanSat \/ Exp\u00e9rience des Alumni CanSat<\/p>\n<p>Les jours suivants, l&rsquo;\u00e9quipe fran\u00e7aise qualifi\u00e9e participera \u00e0 deux temps de pr\u00e9sentation avant une c\u00e9r\u00e9monie de cl\u00f4ture organis\u00e9e en ligne le 8 octobre (de 15h \u00e0 16h) et \u00e0 la Cit\u00e9 de l&rsquo;Espace \u00e0 Toulouse pour les \u00e9quipes participantes de cette ann\u00e9e.<\/p>\n","protected":false},"excerpt":{"rendered":"<p>2020 a marqu\u00e9 le dixi\u00e8me anniversaire du concours europ\u00e9en CanSat  [&#8230;]<\/p>\n","protected":false},"author":7,"featured_media":2407,"comment_status":"closed","ping_status":"open","sticky":false,"template":"","format":"standard","meta":{"_bbp_topic_count":0,"_bbp_reply_count":0,"_bbp_total_topic_count":0,"_bbp_total_reply_count":0,"_bbp_voice_count":0,"_bbp_anonymous_reply_count":0,"_bbp_topic_count_hidden":0,"_bbp_reply_count_hidden":0,"_bbp_forum_subforum_count":0,"ngg_post_thumbnail":0,"footnotes":""},"categories":[1],"tags":[],"class_list":["post-2406","post","type-post","status-publish","format-standard","has-post-thumbnail","hentry","category-non-classe"],"_links":{"self":[{"href":"https:\/\/www.planete-sciences.org\/national\/wp-json\/wp\/v2\/posts\/2406","targetHints":{"allow":["GET"]}}],"collection":[{"href":"https:\/\/www.planete-sciences.org\/national\/wp-json\/wp\/v2\/posts"}],"about":[{"href":"https:\/\/www.planete-sciences.org\/national\/wp-json\/wp\/v2\/types\/post"}],"author":[{"embeddable":true,"href":"https:\/\/www.planete-sciences.org\/national\/wp-json\/wp\/v2\/users\/7"}],"replies":[{"embeddable":true,"href":"https:\/\/www.planete-sciences.org\/national\/wp-json\/wp\/v2\/comments?post=2406"}],"version-history":[{"count":1,"href":"https:\/\/www.planete-sciences.org\/national\/wp-json\/wp\/v2\/posts\/2406\/revisions"}],"predecessor-version":[{"id":2408,"href":"https:\/\/www.planete-sciences.org\/national\/wp-json\/wp\/v2\/posts\/2406\/revisions\/2408"}],"wp:featuredmedia":[{"embeddable":true,"href":"https:\/\/www.planete-sciences.org\/national\/wp-json\/wp\/v2\/media\/2407"}],"wp:attachment":[{"href":"https:\/\/www.planete-sciences.org\/national\/wp-json\/wp\/v2\/media?parent=2406"}],"wp:term":[{"taxonomy":"category","embeddable":true,"href":"https:\/\/www.planete-sciences.org\/national\/wp-json\/wp\/v2\/categories?post=2406"},{"taxonomy":"post_tag","embeddable":true,"href":"https:\/\/www.planete-sciences.org\/national\/wp-json\/wp\/v2\/tags?post=2406"}],"curies":[{"name":"wp","href":"https:\/\/api.w.org\/{rel}","templated":true}]}}